{"id":851,"date":"2016-01-27T12:36:58","date_gmt":"2016-01-27T14:36:58","guid":{"rendered":"https:\/\/blogs.correiobraziliense.com.br\/servidor\/?p=851"},"modified":"2016-01-27T12:36:58","modified_gmt":"2016-01-27T14:36:58","slug":"auditores-do-carf-podem-aderir-ao-movimento-reivindicatorio-da-categoria","status":"publish","type":"post","link":"https:\/\/blogs.correiobraziliense.com.br\/servidor\/auditores-do-carf-podem-aderir-ao-movimento-reivindicatorio-da-categoria\/","title":{"rendered":"AUDITORES DO CARF PODEM ADERIR AO MOVIMENTO REIVINDICAT\u00d3RIO DA CATEGORIA"},"content":{"rendered":"<p>O presidente do Sindicato Nacional dos Auditores Fiscais da Receita Federal (Sindifisco), Cl\u00e1udio Damasceno, se reuniu, na \u00faltima segunda-feira, com os julgadores do\u00a0Carf (Conselho Administrativo de Recursos Fiscais). Eles, de acordo com o\u00a0Sindifisco, queriam\u00a0discutir formas poss\u00edveis de\u00a0aderir ao movimento reivindicat\u00f3rio da categoria. Damasceno repassou os informes sobre a campanha salarial, especialmente sobre as propostas apresentadas pelo governo relativas \u00e0 pauta remunerat\u00f3ria e \u00e0 n\u00e3o-remunerat\u00f3ria.<\/p>\n<p>O segundo vice-presidente do Sindicato e o diretor de Estudos T\u00e9cnicos, Luiz Henrique Franca e Wagner Teixeira, tamb\u00e9m participaram da reuni\u00e3o.<\/p>\n<p>Dados os informes e dirimidas todas as d\u00favidas, os julgadores decidiram se reunir novamente para avaliar a melhor forma para aderir ao movimento. A decis\u00e3o do Carf deve ser comunicada \u00e0 DEN (Diretoria Executiva Nacional) do Sindifisco nos pr\u00f3ximos dias.<\/p>\n<p>&#8220;Apesar de o governo ter apresentado uma proposta \u00e0 categoria, os julgadores demonstraram que est\u00e3o conscientes de que o posicionamento do Executivo ainda carece de detalhamentos importantes para que a classe possa decidir pelo fim ou n\u00e3o do movimento reivindicat\u00f3rio&#8221;.<\/p>\n","protected":false},"excerpt":{"rendered":"<p>O presidente do Sindicato Nacional dos Auditores Fiscais da Receita Federal (Sindifisco), Cl\u00e1udio Damasceno, se reuniu, na \u00faltima segunda-feira, com os julgadores do\u00a0Carf (Conselho Administrativo de Recursos Fiscais). Eles, de acordo com o\u00a0Sindifisco, queriam\u00a0discutir formas poss\u00edveis de\u00a0aderir ao movimento reivindicat\u00f3rio da categoria. Damasceno repassou os informes sobre a campanha salarial, especialmente sobre as propostas apresentadas pelo governo relativas \u00e0 pauta [&hellip;]<\/p>\n","protected":false},"author":27,"featured_media":0,"comment_status":"open","ping_status":"closed","sticky":false,"template":"","format":"standard","meta":{"footnotes":""},"categories":[1],"tags":[539,537,538,379,98,542,540,541],"class_list":["post-851","post","type-post","status-publish","format-standard","hentry","category-sem-categoria","tag-aderir","tag-auditores-fiscais-da-receita","tag-carf","tag-categoria","tag-governo","tag-julgadores-propostas","tag-movimento","tag-reivindicatorio"],"_links":{"self":[{"href":"https:\/\/blogs.correiobraziliense.com.br\/servidor\/wp-json\/wp\/v2\/posts\/851","targetHints":{"allow":["GET"]}}],"collection":[{"href":"https:\/\/blogs.correiobraziliense.com.br\/servidor\/wp-json\/wp\/v2\/posts"}],"about":[{"href":"https:\/\/blogs.correiobraziliense.com.br\/servidor\/wp-json\/wp\/v2\/types\/post"}],"author":[{"embeddable":true,"href":"https:\/\/blogs.correiobraziliense.com.br\/servidor\/wp-json\/wp\/v2\/users\/27"}],"replies":[{"embeddable":true,"href":"https:\/\/blogs.correiobraziliense.com.br\/servidor\/wp-json\/wp\/v2\/comments?post=851"}],"version-history":[{"count":1,"href":"https:\/\/blogs.correiobraziliense.com.br\/servidor\/wp-json\/wp\/v2\/posts\/851\/revisions"}],"predecessor-version":[{"id":852,"href":"https:\/\/blogs.correiobraziliense.com.br\/servidor\/wp-json\/wp\/v2\/posts\/851\/revisions\/852"}],"wp:attachment":[{"href":"https:\/\/blogs.correiobraziliense.com.br\/servidor\/wp-json\/wp\/v2\/media?parent=851"}],"wp:term":[{"taxonomy":"category","embeddable":true,"href":"https:\/\/blogs.correiobraziliense.com.br\/servidor\/wp-json\/wp\/v2\/categories?post=851"},{"taxonomy":"post_tag","embeddable":true,"href":"https:\/\/blogs.correiobraziliense.com.br\/servidor\/wp-json\/wp\/v2\/tags?post=851"}],"curies":[{"name":"wp","href":"https:\/\/api.w.org\/{rel}","templated":true}]}}