{"id":8504,"date":"2018-03-13T20:09:58","date_gmt":"2018-03-13T23:09:58","guid":{"rendered":"https:\/\/blogs.correiobraziliense.com.br\/servidor\/?p=8504"},"modified":"2018-03-13T20:10:32","modified_gmt":"2018-03-13T23:10:32","slug":"tst-determina-que-80-do-efetivo-trabalhe-em-cada-unidade-dos-correios","status":"publish","type":"post","link":"https:\/\/blogs.correiobraziliense.com.br\/servidor\/tst-determina-que-80-do-efetivo-trabalhe-em-cada-unidade-dos-correios\/","title":{"rendered":"TST determina que 80% do efetivo trabalhe em cada unidade dos Correios"},"content":{"rendered":"<p><em>Na tarde desta ter\u00e7a-feira (13), o Tribunal Superior do Trabalho (TST) apontou falta de razoabilidade na paralisa\u00e7\u00e3o de empregados dos Correios, iniciada nesta segunda-feira (12), e determinou a manuten\u00e7\u00e3o de efetivo m\u00ednimo de 80% dos trabalhadores em cada unidade, enquanto perdurar o movimento, informou a empresa<\/em><\/p>\n<p>De acordo com os Correios, em seu despacho, a ministra Dora Maria da Costa pondera que n\u00e3o houve modera\u00e7\u00e3o na greve \u201cna medida em que a principal reivindica\u00e7\u00e3o da categoria \u2013 a concess\u00e3o da assist\u00eancia m\u00e9dica e odontol\u00f3gica &#8211; constitu\u00eda o objeto do diss\u00eddio coletivo que seria julgado na data da deflagra\u00e7\u00e3o do movimento, como o foi\u201d. Ainda segundo a magistrada, \u201cemerge o fato de os servi\u00e7os prestados pela requerente serem considerados essenciais\u201d.<\/p>\n<p><strong>Efetivo \u2013<\/strong> At\u00e9 as 18h desta ter\u00e7a-feira (13), 24 dos 32 sindicatos dos Correios que haviam aderido \u00e0 paralisa\u00e7\u00e3o decidiram encerrar o movimento. Quatro sindicatos n\u00e3o haviam aderido \u00e0 paralisa\u00e7\u00e3o. Hoje 96,5 mil empregados (o equivalente a 91% do efetivo total dos Correios) trabalharam normalmente. O n\u00famero \u00e9 apurado por meio de sistema eletr\u00f4nico de presen\u00e7a.<\/p>\n<p>No \u00faltimo final de semana (10 e 11), os Correios j\u00e1 haviam colocado em pr\u00e1tica seu Plano de Continuidade de Neg\u00f3cios, de forma preventiva, para minimizar poss\u00edveis impactos \u00e0 popula\u00e7\u00e3o. O plano continua vigente at\u00e9 o fim do movimento em todo o pa\u00eds.<\/p>\n","protected":false},"excerpt":{"rendered":"<p>Na tarde desta ter\u00e7a-feira (13), o Tribunal Superior do Trabalho (TST) apontou falta de razoabilidade na paralisa\u00e7\u00e3o de empregados dos Correios, iniciada nesta segunda-feira (12), e determinou a manuten\u00e7\u00e3o de efetivo m\u00ednimo de 80% dos trabalhadores em cada unidade, enquanto perdurar o movimento, informou a empresa De acordo com os Correios, em seu despacho, a ministra Dora Maria da Costa [&hellip;]<\/p>\n","protected":false},"author":27,"featured_media":0,"comment_status":"open","ping_status":"closed","sticky":false,"template":"","format":"standard","meta":{"footnotes":""},"categories":[2719],"tags":[984,20,11693,2009,891,11694,3348,15,4523,1778,3073,11692,540,7842,506,545,11383,1379,3801,19,11691,503,2906],"class_list":["post-8504","post","type-post","status-publish","format-standard","hentry","category-servidor","tag-assistencia","tag-correios","tag-dissidio-coletivo","tag-efetivo","tag-empregados","tag-encerrar","tag-essenciais","tag-greve","tag-impactos","tag-manutencao","tag-medica","tag-moderacao","tag-movimento","tag-odontologica","tag-paralisacao","tag-populacao","tag-presenca","tag-servicos","tag-sindicatos","tag-trabalhadores","tag-trabalhe","tag-tst","tag-unidade"],"_links":{"self":[{"href":"https:\/\/blogs.correiobraziliense.com.br\/servidor\/wp-json\/wp\/v2\/posts\/8504","targetHints":{"allow":["GET"]}}],"collection":[{"href":"https:\/\/blogs.correiobraziliense.com.br\/servidor\/wp-json\/wp\/v2\/posts"}],"about":[{"href":"https:\/\/blogs.correiobraziliense.com.br\/servidor\/wp-json\/wp\/v2\/types\/post"}],"author":[{"embeddable":true,"href":"https:\/\/blogs.correiobraziliense.com.br\/servidor\/wp-json\/wp\/v2\/users\/27"}],"replies":[{"embeddable":true,"href":"https:\/\/blogs.correiobraziliense.com.br\/servidor\/wp-json\/wp\/v2\/comments?post=8504"}],"version-history":[{"count":2,"href":"https:\/\/blogs.correiobraziliense.com.br\/servidor\/wp-json\/wp\/v2\/posts\/8504\/revisions"}],"predecessor-version":[{"id":8506,"href":"https:\/\/blogs.correiobraziliense.com.br\/servidor\/wp-json\/wp\/v2\/posts\/8504\/revisions\/8506"}],"wp:attachment":[{"href":"https:\/\/blogs.correiobraziliense.com.br\/servidor\/wp-json\/wp\/v2\/media?parent=8504"}],"wp:term":[{"taxonomy":"category","embeddable":true,"href":"https:\/\/blogs.correiobraziliense.com.br\/servidor\/wp-json\/wp\/v2\/categories?post=8504"},{"taxonomy":"post_tag","embeddable":true,"href":"https:\/\/blogs.correiobraziliense.com.br\/servidor\/wp-json\/wp\/v2\/tags?post=8504"}],"curies":[{"name":"wp","href":"https:\/\/api.w.org\/{rel}","templated":true}]}}