{"id":8502,"date":"2018-03-13T19:54:20","date_gmt":"2018-03-13T22:54:20","guid":{"rendered":"https:\/\/blogs.correiobraziliense.com.br\/servidor\/?p=8502"},"modified":"2018-03-13T19:54:20","modified_gmt":"2018-03-13T22:54:20","slug":"presidencia-da-republica-abre-concurso-para-servidor","status":"publish","type":"post","link":"https:\/\/blogs.correiobraziliense.com.br\/servidor\/presidencia-da-republica-abre-concurso-para-servidor\/","title":{"rendered":"Presid\u00eancia da Rep\u00fablica abre concurso para servidor"},"content":{"rendered":"<p><em>A Presid\u00eancia da Rep\u00fablica divulgou o Processo Seletivo N\u00ba 1\/2018, apenas para servidores p\u00fablicos. As inscri\u00e7\u00f5es est\u00e3o abertas a partir de hoje (13 de mar\u00e7o) e v\u00e3o at\u00e9 1\u00ba\u00a0de abril de 2018, pelo endere\u00e7o eletr\u00f4nico http:\/\/www.secretariageral.gov.br\/noticias\/processo-seletivo-da-presidencia-da-republica. Antes de iniciar o preenchimento do formul\u00e1rio ser\u00e1 exigido anexar a Declara\u00e7\u00e3o de Anu\u00eancia Pr\u00e9via devidamente preenchida e assinada<\/em><\/p>\n<div>Os valores das gratifica\u00e7\u00f5es dispon\u00edveis para designa\u00e7\u00e3o imediata dos servidores v\u00e3o de R$ 589,35 a R$ 3.022,00. Ao todo s\u00e3o 56 vagas de n\u00edveis m\u00e9dio e superior de escolaridade e para profissionais capacitados em gest\u00e3o da informa\u00e7\u00e3o funcional, legisla\u00e7\u00e3o de pessoal, desenvolvimento de pessoas &#8211; apoio log\u00edstico, execu\u00e7\u00e3o or\u00e7ament\u00e1rio financeira &#8211; empenho e pagamento, desenvolvimento de aplica\u00e7\u00e3o de dados, de sistema de informa\u00e7\u00e3o e portais.<\/div>\n<div><\/div>\n<div>O concurso ter\u00e1 tr\u00eas etapas: preenchimento de formul\u00e1rio de inscri\u00e7\u00e3o na plataforma digital; avalia\u00e7\u00e3o curricular; e entrevista. A primeira etapa (inscri\u00e7\u00e3o) tem tr\u00eas fases: upload da Declara\u00e7\u00e3o de Anu\u00eancia Pr\u00e9via da Chefia Imediata, devidamente assinada; preenchimento do Formul\u00e1rio de Dados Curriculares; e Preenchimento do Formul\u00e1rio de Requisitos Espec\u00edficos.<\/div>\n<div>\n<div><\/div>\n<div>A segunda etapa ser\u00e1 avalia\u00e7\u00e3o curricular e a terceira, entrevista. A entrevista dos candidatos selecionados ser\u00e1 conduzida pela Comiss\u00e3o T\u00e9cnica Avaliadora.<\/div>\n<div><\/div>\n<div>As tr\u00eas fases da etapa de inscri\u00e7\u00e3o ser\u00e3o por meio da Plataforma Digital do Processo Seletivo da Presid\u00eancia da Rep\u00fablica no endere\u00e7o www.secretariageral.gov.br. A vaga pretendida deve ser definida no ato da inscri\u00e7\u00e3o. Cada candidato dever\u00e1 concorrer apenas a uma vaga. Ser\u00e3o destinados 5% das oportunidades para pessoas com defici\u00eancia<\/div>\n<\/div>\n<div><\/div>\n<div>Pelo cronograma do edital, as inscri\u00e7\u00f5es ser\u00e3o de 13 de mar\u00e7o a 1\u00ba de abril. A avalia\u00e7\u00e3o curricular est\u00e1 prevista para acontecer de de 2 a 10 de abril. A divulga\u00e7\u00e3o dos candidatos selecionados para entrevista ser\u00e1 em 11 de abril. As entrevistas ocorrer\u00e3o de 12 de abril a 9 de maio. A classifica\u00e7\u00e3o final ser\u00e1 anunciada entre 10 de maio e 14 de maio. E a divulga\u00e7\u00e3o do resultado final ser\u00e1 em 15 de maio.<\/div>\n<div><\/div>\n<div>Em caso de desist\u00eancia, o candidato dever\u00e1 formalizar por escrito, no prazo de dois dias ap\u00f3s a publica\u00e7\u00e3o do resultado final. A formaliza\u00e7\u00e3o dever\u00e1 acontecer por meio do email digep.codep@presidencia.gov.br<\/p>\n<div>.<\/div>\n<\/div>\n","protected":false},"excerpt":{"rendered":"<p>A Presid\u00eancia da Rep\u00fablica divulgou o Processo Seletivo N\u00ba 1\/2018, apenas para servidores p\u00fablicos. As inscri\u00e7\u00f5es est\u00e3o abertas a partir de hoje (13 de mar\u00e7o) e v\u00e3o at\u00e9 1\u00ba\u00a0de abril de 2018, pelo endere\u00e7o eletr\u00f4nico http:\/\/www.secretariageral.gov.br\/noticias\/processo-seletivo-da-presidencia-da-republica. Antes de iniciar o preenchimento do formul\u00e1rio ser\u00e1 exigido anexar a Declara\u00e7\u00e3o de Anu\u00eancia Pr\u00e9via devidamente preenchida e assinada Os valores das gratifica\u00e7\u00f5es dispon\u00edveis [&hellip;]<\/p>\n","protected":false},"author":27,"featured_media":0,"comment_status":"open","ping_status":"closed","sticky":false,"template":"","format":"standard","meta":{"footnotes":""},"categories":[2719],"tags":[5416,863,178,93,797,11689,3074,1790,9812,2208,3380,903,10948,2280,781,7907,309,11690,1388,765,11688,1075,24,2508,3678,58,421,703],"class_list":["post-8502","post","type-post","status-publish","format-standard","hentry","category-servidor","tag-assinada","tag-avaliacao","tag-candidatos","tag-concurso","tag-cronograma","tag-declaracao-de-anuencia-previa","tag-deficiencia","tag-eletronico","tag-endereco","tag-entrevista","tag-escolaridade","tag-etapas","tag-formulario","tag-gratificacoes","tag-inscricoes","tag-nivel-medio","tag-nivel-superior","tag-preenchida","tag-preenchimento","tag-presidencia-da-republica","tag-processo-seletivo","tag-profissionais","tag-publicos","tag-resultado","tag-selecionados","tag-servidores","tag-vaga","tag-vagas"],"_links":{"self":[{"href":"https:\/\/blogs.correiobraziliense.com.br\/servidor\/wp-json\/wp\/v2\/posts\/8502","targetHints":{"allow":["GET"]}}],"collection":[{"href":"https:\/\/blogs.correiobraziliense.com.br\/servidor\/wp-json\/wp\/v2\/posts"}],"about":[{"href":"https:\/\/blogs.correiobraziliense.com.br\/servidor\/wp-json\/wp\/v2\/types\/post"}],"author":[{"embeddable":true,"href":"https:\/\/blogs.correiobraziliense.com.br\/servidor\/wp-json\/wp\/v2\/users\/27"}],"replies":[{"embeddable":true,"href":"https:\/\/blogs.correiobraziliense.com.br\/servidor\/wp-json\/wp\/v2\/comments?post=8502"}],"version-history":[{"count":1,"href":"https:\/\/blogs.correiobraziliense.com.br\/servidor\/wp-json\/wp\/v2\/posts\/8502\/revisions"}],"predecessor-version":[{"id":8503,"href":"https:\/\/blogs.correiobraziliense.com.br\/servidor\/wp-json\/wp\/v2\/posts\/8502\/revisions\/8503"}],"wp:attachment":[{"href":"https:\/\/blogs.correiobraziliense.com.br\/servidor\/wp-json\/wp\/v2\/media?parent=8502"}],"wp:term":[{"taxonomy":"category","embeddable":true,"href":"https:\/\/blogs.correiobraziliense.com.br\/servidor\/wp-json\/wp\/v2\/categories?post=8502"},{"taxonomy":"post_tag","embeddable":true,"href":"https:\/\/blogs.correiobraziliense.com.br\/servidor\/wp-json\/wp\/v2\/tags?post=8502"}],"curies":[{"name":"wp","href":"https:\/\/api.w.org\/{rel}","templated":true}]}}