{"id":8496,"date":"2018-03-13T16:01:49","date_gmt":"2018-03-13T19:01:49","guid":{"rendered":"https:\/\/blogs.correiobraziliense.com.br\/servidor\/?p=8496"},"modified":"2018-03-13T16:01:49","modified_gmt":"2018-03-13T19:01:49","slug":"ima-esclarecimentos-sobre-greve-dos-fiscais-agropecuarios-de-minas-gerais","status":"publish","type":"post","link":"https:\/\/blogs.correiobraziliense.com.br\/servidor\/ima-esclarecimentos-sobre-greve-dos-fiscais-agropecuarios-de-minas-gerais\/","title":{"rendered":"IMA &#8211; Esclarecimentos sobre a greve dos fiscais agropecu\u00e1rios de Minas Gerais"},"content":{"rendered":"<p><em>Em rela\u00e7\u00e3o \u00e0 mat\u00e9ria intitulada \u201cGreve dos fiscais agropecu\u00e1rios em MG\u201d publicada e 9 de mar\u00e7o no Blog do Servidor do Correio Braziliense, o Instituto Mineiro de Agropecu\u00e1ria (IMA) esclarece que firmou em 12 de mar\u00e7o de 2018 junto \u00e0 Secretaria de Estado de Planejamento e Gest\u00e3o de Minas Gerais (Seplag) os seguintes procedimentos:<\/em><\/p>\n<p>&#8220;- Aprova\u00e7\u00e3o do Plano de Carreiras e Sal\u00e1rios do IMA conforme projeto protocolado em 06 de mar\u00e7o\/18, com impacto total de R$ 64 milh\u00f5es. O referido plano ser\u00e1 enviado \u00e0 Assembleia Legislativa de Minas t\u00e3o logo seja permitido pela Lei de Responsabilidade Fiscal (LRF).<\/p>\n<p>&#8211; Ser\u00e1 concedida ajuda de custo excepcional no valor de R$ 75,00 (setenta e cinco reais) por dia trabalhado com pagamento j\u00e1 no pr\u00f3ximo m\u00eas de abril de 2018.<\/p>\n<p>&#8211; A Seplag mant\u00e9m o compromisso firmado em 2015, relativo \u00e0 retirada do fator de dedu\u00e7\u00e3o da Gratifica\u00e7\u00e3o de Escolaridade, Desempenho e Produtividade Individual e Institucional (Gedima).<\/p>\n<p>&#8211; Os servidores da \u00e1rea administrativa do IMA n\u00e3o aderiram ao movimento e trabalham normalmente.<\/p>\n<p>Cordialmente,<\/p>\n<p>Instituto Mineiro de Agropecu\u00e1ria (IMA)&#8221;<\/p>\n","protected":false},"excerpt":{"rendered":"<p>Em rela\u00e7\u00e3o \u00e0 mat\u00e9ria intitulada \u201cGreve dos fiscais agropecu\u00e1rios em MG\u201d publicada e 9 de mar\u00e7o no Blog do Servidor do Correio Braziliense, o Instituto Mineiro de Agropecu\u00e1ria (IMA) esclarece que firmou em 12 de mar\u00e7o de 2018 junto \u00e0 Secretaria de Estado de Planejamento e Gest\u00e3o de Minas Gerais (Seplag) os seguintes procedimentos: &#8220;- Aprova\u00e7\u00e3o do Plano de Carreiras [&hellip;]<\/p>\n","protected":false},"author":27,"featured_media":0,"comment_status":"open","ping_status":"closed","sticky":false,"template":"","format":"standard","meta":{"footnotes":""},"categories":[2719],"tags":[11680,10410,3138,2303,321,3380,11681,3009,5460,11682,333,15,11598,2470,2138,1561,4189,540,11679,1136,6133,58],"class_list":["post-8496","post","type-post","status-publish","format-standard","hentry","category-servidor","tag-ajuda-de-custo","tag-assembleia-legislativa","tag-deducao","tag-desempenho","tag-esclarecimentos","tag-escolaridade","tag-excepcional","tag-fator","tag-fiscais-agropecuarios","tag-gedima","tag-gratificacao","tag-greve","tag-ima","tag-individual","tag-institucional","tag-lrf","tag-minas-gerais","tag-movimento","tag-plano-de-carreiras-e-salarios","tag-produtividade","tag-seplag","tag-servidores"],"_links":{"self":[{"href":"https:\/\/blogs.correiobraziliense.com.br\/servidor\/wp-json\/wp\/v2\/posts\/8496","targetHints":{"allow":["GET"]}}],"collection":[{"href":"https:\/\/blogs.correiobraziliense.com.br\/servidor\/wp-json\/wp\/v2\/posts"}],"about":[{"href":"https:\/\/blogs.correiobraziliense.com.br\/servidor\/wp-json\/wp\/v2\/types\/post"}],"author":[{"embeddable":true,"href":"https:\/\/blogs.correiobraziliense.com.br\/servidor\/wp-json\/wp\/v2\/users\/27"}],"replies":[{"embeddable":true,"href":"https:\/\/blogs.correiobraziliense.com.br\/servidor\/wp-json\/wp\/v2\/comments?post=8496"}],"version-history":[{"count":1,"href":"https:\/\/blogs.correiobraziliense.com.br\/servidor\/wp-json\/wp\/v2\/posts\/8496\/revisions"}],"predecessor-version":[{"id":8497,"href":"https:\/\/blogs.correiobraziliense.com.br\/servidor\/wp-json\/wp\/v2\/posts\/8496\/revisions\/8497"}],"wp:attachment":[{"href":"https:\/\/blogs.correiobraziliense.com.br\/servidor\/wp-json\/wp\/v2\/media?parent=8496"}],"wp:term":[{"taxonomy":"category","embeddable":true,"href":"https:\/\/blogs.correiobraziliense.com.br\/servidor\/wp-json\/wp\/v2\/categories?post=8496"},{"taxonomy":"post_tag","embeddable":true,"href":"https:\/\/blogs.correiobraziliense.com.br\/servidor\/wp-json\/wp\/v2\/tags?post=8496"}],"curies":[{"name":"wp","href":"https:\/\/api.w.org\/{rel}","templated":true}]}}