{"id":849,"date":"2016-01-27T12:21:15","date_gmt":"2016-01-27T14:21:15","guid":{"rendered":"https:\/\/blogs.correiobraziliense.com.br\/servidor\/?p=849"},"modified":"2016-01-27T12:21:15","modified_gmt":"2016-01-27T14:21:15","slug":"ministro-da-fazenda-apoia-reeleicao-de-christine-lagarde-no-fmi","status":"publish","type":"post","link":"https:\/\/blogs.correiobraziliense.com.br\/servidor\/ministro-da-fazenda-apoia-reeleicao-de-christine-lagarde-no-fmi\/","title":{"rendered":"MINISTRO DA FAZENDA APOIA REELEI\u00c7\u00c3O DE CHRISTINE LAGARDE NO FMI"},"content":{"rendered":"<p>Por meio de nota, o m<span style=\"font-size: x-large\">inistro da Fazenda, Nelson Barbosa, manifestou nesta quarta-feira (27\/01) o apoio do governo brasileiro \u00e0 reelei\u00e7\u00e3o da diretora-gerente do Fundo Monet\u00e1rio Internacional (FMI), Christine Lagarde. &#8220;A perman\u00eancia de Lagarde no FMI \u00e9 fundamental para o enfrentamento adequado dos atuais desafios econ\u00f4micos mundiais&#8221;, destacou Barbosa. <\/span><\/p>\n<p>O ministro ressaltou sua confian\u00e7a na habilidade de Lagarde na condu\u00e7\u00e3o de temas multilaterais, especialmente num momento em que a reforma de quotas entra em vigor, proporcionando maior representatividade dos pa\u00edses emergentes no FMI.<\/p>\n<p>&nbsp;<\/p>\n","protected":false},"excerpt":{"rendered":"<p>Por meio de nota, o ministro da Fazenda, Nelson Barbosa, manifestou nesta quarta-feira (27\/01) o apoio do governo brasileiro \u00e0 reelei\u00e7\u00e3o da diretora-gerente do Fundo Monet\u00e1rio Internacional (FMI), Christine Lagarde. &#8220;A perman\u00eancia de Lagarde no FMI \u00e9 fundamental para o enfrentamento adequado dos atuais desafios econ\u00f4micos mundiais&#8221;, destacou Barbosa. O ministro ressaltou sua confian\u00e7a na habilidade de Lagarde na condu\u00e7\u00e3o [&hellip;]<\/p>\n","protected":false},"author":27,"featured_media":0,"comment_status":"open","ping_status":"closed","sticky":false,"template":"","format":"standard","meta":{"footnotes":""},"categories":[1],"tags":[530,532,534,536,533,528,529,531,535],"class_list":["post-849","post","type-post","status-publish","format-standard","hentry","category-sem-categoria","tag-apoia","tag-christine-lagarde","tag-diretora-gerente","tag-emergentes","tag-fmi","tag-ministro-da-fazenda","tag-nelson-barbosa","tag-reeleicao","tag-representatividade"],"_links":{"self":[{"href":"https:\/\/blogs.correiobraziliense.com.br\/servidor\/wp-json\/wp\/v2\/posts\/849","targetHints":{"allow":["GET"]}}],"collection":[{"href":"https:\/\/blogs.correiobraziliense.com.br\/servidor\/wp-json\/wp\/v2\/posts"}],"about":[{"href":"https:\/\/blogs.correiobraziliense.com.br\/servidor\/wp-json\/wp\/v2\/types\/post"}],"author":[{"embeddable":true,"href":"https:\/\/blogs.correiobraziliense.com.br\/servidor\/wp-json\/wp\/v2\/users\/27"}],"replies":[{"embeddable":true,"href":"https:\/\/blogs.correiobraziliense.com.br\/servidor\/wp-json\/wp\/v2\/comments?post=849"}],"version-history":[{"count":1,"href":"https:\/\/blogs.correiobraziliense.com.br\/servidor\/wp-json\/wp\/v2\/posts\/849\/revisions"}],"predecessor-version":[{"id":850,"href":"https:\/\/blogs.correiobraziliense.com.br\/servidor\/wp-json\/wp\/v2\/posts\/849\/revisions\/850"}],"wp:attachment":[{"href":"https:\/\/blogs.correiobraziliense.com.br\/servidor\/wp-json\/wp\/v2\/media?parent=849"}],"wp:term":[{"taxonomy":"category","embeddable":true,"href":"https:\/\/blogs.correiobraziliense.com.br\/servidor\/wp-json\/wp\/v2\/categories?post=849"},{"taxonomy":"post_tag","embeddable":true,"href":"https:\/\/blogs.correiobraziliense.com.br\/servidor\/wp-json\/wp\/v2\/tags?post=849"}],"curies":[{"name":"wp","href":"https:\/\/api.w.org\/{rel}","templated":true}]}}