{"id":8487,"date":"2018-03-12T19:33:14","date_gmt":"2018-03-12T22:33:14","guid":{"rendered":"https:\/\/blogs.correiobraziliense.com.br\/servidor\/?p=8487"},"modified":"2018-03-12T19:33:14","modified_gmt":"2018-03-12T22:33:14","slug":"acao-empresarial-pela-seguranca-proposta-por-jungmann-e-objeto-de-projeto-de-lei-do-deputado-roberto-alves","status":"publish","type":"post","link":"https:\/\/blogs.correiobraziliense.com.br\/servidor\/acao-empresarial-pela-seguranca-proposta-por-jungmann-e-objeto-de-projeto-de-lei-do-deputado-roberto-alves\/","title":{"rendered":"A\u00e7\u00e3o empresarial pela seguran\u00e7a, proposta por Jungmann, \u00e9 objeto de Projeto de Lei do deputado Roberto Alves"},"content":{"rendered":"<div><em>A \u2018a\u00e7\u00e3o empresarial pela seguran\u00e7a\u2019, cogitada pelo ministro de Seguran\u00e7a P\u00fablica Raul Jungmann, com o prop\u00f3sito de captar recursos privados para financiar a seguran\u00e7a p\u00fablica, j\u00e1 est\u00e1 retratada no Projeto de Lei 8822\/17, de autoria do deputado federal Roberto Alves (PRB-SP<\/em>)<\/div>\n<div><\/div>\n<div>O PL tramita na Comiss\u00e3o de Seguran\u00e7a P\u00fablica e Combate ao Crime Organizado (CSPCCO) da C\u00e2mara, sob a relatoria do deputado federal Lincoln Portela (PRB-SP), que solicitou audi\u00eancia p\u00fablica para discutir a proposta.<\/div>\n<div><\/div>\n<div>Por meio deste PL, Roberto Alves institui o \u2018Programa Nacional de Apoio \u00e0 Seguran\u00e7a P\u00fablica\u2019, o Pronasp. Se for sancionado, pessoas f\u00edsicas e jur\u00eddicas poder\u00e3o fazer doa\u00e7\u00f5es \u00e0 seguran\u00e7a p\u00fablica, tendo em troca dedu\u00e7\u00f5es no Imposto de Renda, a exemplo da Lei Rouanet.<\/div>\n<div><\/div>\n<div>Os recursos captados pelo Pronasp poder\u00e3o ser empregados na compra de equipamentos, viaturas, armas letais e n\u00e3o-letais; na reforma de pr\u00e9dios como delegacias, batalh\u00f5es e postos policiais; em programas de capacita\u00e7\u00e3o profissional, a\u00e7\u00f5es de seguran\u00e7a comunit\u00e1ria, concess\u00e3o de bolsas de estudo, realiza\u00e7\u00e3o de estudos, projetos e levantamentos na \u00e1rea de seguran\u00e7a p\u00fablica, entre outros.<\/div>\n<div><\/div>\n<div><strong>Doa\u00e7\u00f5es ou Patroc\u00ednios<\/strong><\/div>\n<div><\/div>\n<div>Para usufru\u00edrem das dedu\u00e7\u00f5es no IR, os interessados dever\u00e3o apresentar um projeto informando o valor e para onde o recurso ser\u00e1 encaminhado. O documento ser\u00e1 analisado pelo Minist\u00e9rio da Justi\u00e7a, que ser\u00e1 o \u00f3rg\u00e3o gestor, sob a fiscaliza\u00e7\u00e3o da Secretaria da Receita Federal. A sociedade ir\u00e1 participar do Pronasp atrav\u00e9s dos conselhos de seguran\u00e7a nos estados, que ir\u00e3o acompanhar de perto o volume de doa\u00e7\u00f5es e a aplica\u00e7\u00e3o dos recursos.<\/div>\n<div><\/div>\n<div>Para o deputado Roberto Alves, o Pronasp \u00e9 atrativo para o governo federal e para a popula\u00e7\u00e3o. \u201cCom este programa, o governo federal teria mais uma fonte de renda para financiar a seguran\u00e7a p\u00fabica; de outro, a popula\u00e7\u00e3o ganharia refor\u00e7o policial nos bairros\u201d, destacou. \u201cA seguran\u00e7a p\u00fablica pede socorro em todo o pa\u00eds e a sociedade tem interesse em ajudar\u201d.<\/div>\n<div>\u200b<\/div>\n","protected":false},"excerpt":{"rendered":"<p>A \u2018a\u00e7\u00e3o empresarial pela seguran\u00e7a\u2019, cogitada pelo ministro de Seguran\u00e7a P\u00fablica Raul Jungmann, com o prop\u00f3sito de captar recursos privados para financiar a seguran\u00e7a p\u00fablica, j\u00e1 est\u00e1 retratada no Projeto de Lei 8822\/17, de autoria do deputado federal Roberto Alves (PRB-SP) O PL tramita na Comiss\u00e3o de Seguran\u00e7a P\u00fablica e Combate ao Crime Organizado (CSPCCO) da C\u00e2mara, sob a relatoria [&hellip;]<\/p>\n","protected":false},"author":27,"featured_media":0,"comment_status":"open","ping_status":"closed","sticky":false,"template":"","format":"standard","meta":{"footnotes":""},"categories":[2719],"tags":[176,11663,8469,359,11667,3604,2101,1384,355,855,113,35,11668,5503,11664,11662,10127,11666,316,11665,208],"class_list":["post-8487","post","type-post","status-publish","format-standard","hentry","category-servidor","tag-acao","tag-captar","tag-deducoes","tag-deputado","tag-doacoes","tag-empresarial","tag-financiar","tag-fisicas","tag-imposto-de-renda","tag-jungmann","tag-juridicas","tag-ministro","tag-patrocinios","tag-pessoas","tag-pl-882217","tag-porjeto-de-lei","tag-priados","tag-pronasp","tag-recursos","tag-roberto-alves","tag-seguranca"],"_links":{"self":[{"href":"https:\/\/blogs.correiobraziliense.com.br\/servidor\/wp-json\/wp\/v2\/posts\/8487","targetHints":{"allow":["GET"]}}],"collection":[{"href":"https:\/\/blogs.correiobraziliense.com.br\/servidor\/wp-json\/wp\/v2\/posts"}],"about":[{"href":"https:\/\/blogs.correiobraziliense.com.br\/servidor\/wp-json\/wp\/v2\/types\/post"}],"author":[{"embeddable":true,"href":"https:\/\/blogs.correiobraziliense.com.br\/servidor\/wp-json\/wp\/v2\/users\/27"}],"replies":[{"embeddable":true,"href":"https:\/\/blogs.correiobraziliense.com.br\/servidor\/wp-json\/wp\/v2\/comments?post=8487"}],"version-history":[{"count":1,"href":"https:\/\/blogs.correiobraziliense.com.br\/servidor\/wp-json\/wp\/v2\/posts\/8487\/revisions"}],"predecessor-version":[{"id":8488,"href":"https:\/\/blogs.correiobraziliense.com.br\/servidor\/wp-json\/wp\/v2\/posts\/8487\/revisions\/8488"}],"wp:attachment":[{"href":"https:\/\/blogs.correiobraziliense.com.br\/servidor\/wp-json\/wp\/v2\/media?parent=8487"}],"wp:term":[{"taxonomy":"category","embeddable":true,"href":"https:\/\/blogs.correiobraziliense.com.br\/servidor\/wp-json\/wp\/v2\/categories?post=8487"},{"taxonomy":"post_tag","embeddable":true,"href":"https:\/\/blogs.correiobraziliense.com.br\/servidor\/wp-json\/wp\/v2\/tags?post=8487"}],"curies":[{"name":"wp","href":"https:\/\/api.w.org\/{rel}","templated":true}]}}