{"id":8485,"date":"2018-03-12T19:25:00","date_gmt":"2018-03-12T22:25:00","guid":{"rendered":"https:\/\/blogs.correiobraziliense.com.br\/servidor\/?p=8485"},"modified":"2018-03-12T19:25:00","modified_gmt":"2018-03-12T22:25:00","slug":"vigilantes-se-comprometem-levar-proposta-de-suspensao-da-greve-assembleia-da-categoria","status":"publish","type":"post","link":"https:\/\/blogs.correiobraziliense.com.br\/servidor\/vigilantes-se-comprometem-levar-proposta-de-suspensao-da-greve-assembleia-da-categoria\/","title":{"rendered":"Vigilantes se comprometem a levar proposta de suspens\u00e3o da greve \u00e0 assembleia da categoria"},"content":{"rendered":"<div>O Sindicato dos Empregados de Empresas de Seguran\u00e7a e Vigil\u00e2ncia do Distrito Federal (Sindesv) se comprometeu em levar para a assembleia da categoria &#8211; em greve desde 1\u00ba de mar\u00e7o -, prevista para o final da tarde desta segunda-feira (12), a proposta apresentada pela vice-presidente do Tribunal Regional do Trabalho da 10\u00aa Regi\u00e3o (TRT10), no exerc\u00edcio da presid\u00eancia, desembargadora Maria Regina Machado Guimar\u00e3es, respons\u00e1vel por conduzir as negocia\u00e7\u00f5es da audi\u00eancia na sede da Corte<\/div>\n<div><\/div>\n<div>Na proposta, a magistrada se coloca \u00e0 disposi\u00e7\u00e3o das partes para retomar as negocia\u00e7\u00f5es com a participa\u00e7\u00e3o do Minist\u00e9rio P\u00fablico do Trabalho, desde que a greve dos vigilantes seja suspensa imediatamente e as empresas tamb\u00e9m suspendam o processamento dos descontos dos dias parados at\u00e9 dia 19 de mar\u00e7o.<\/div>\n<div><\/div>\n<div>Durante a audi\u00eancia, o Sindicato dos Vigilantes consignou em ata a proposta da categoria \u2013 que est\u00e1 em greve desde o dia 1\u00ba de mar\u00e7o, a qual inclui a repeti\u00e7\u00e3o das cl\u00e1usulas constantes na senten\u00e7a normativa de 2017, reajuste salarial de 3,1%, bem como aumento do ticket alimenta\u00e7\u00e3o em 6,8%, mais abono dos dias parados e nenhuma puni\u00e7\u00e3o ao trabalhador que aderiu ao movimento grevista.<\/div>\n<div><\/div>\n<div>Uma nova audi\u00eancia de concilia\u00e7\u00e3o foi marcada para acontecer nesta ter\u00e7a-feira (13), \u00e0s 9h, na sala sess\u00f5es do Tribunal. Caso n\u00e3o haja acordo, as partes j\u00e1 concordaram com o ajuizamento de diss\u00eddio coletivo de natureza econ\u00f4mica, pelo Sindicato das Empresas de Vigil\u00e2ncia (Sindesp-DF).<\/div>\n<div><\/div>\n<div>Processo n\u00ba 0000091-62.2018.5.10.0000 (PJe-JT)<\/div>\n<div><\/div>\n<div>Fonte: N\u00facleo de Comunica\u00e7\u00e3o Social &#8211; Tribunal Regional do Trabalho da 10\u00aa Regi\u00e3o \u2013 Distrito Federal e Tocantins<\/div>\n","protected":false},"excerpt":{"rendered":"<p>O Sindicato dos Empregados de Empresas de Seguran\u00e7a e Vigil\u00e2ncia do Distrito Federal (Sindesv) se comprometeu em levar para a assembleia da categoria &#8211; em greve desde 1\u00ba de mar\u00e7o -, prevista para o final da tarde desta segunda-feira (12), a proposta apresentada pela vice-presidente do Tribunal Regional do Trabalho da 10\u00aa Regi\u00e3o (TRT10), no exerc\u00edcio da presid\u00eancia, desembargadora Maria [&hellip;]<\/p>\n","protected":false},"author":27,"featured_media":0,"comment_status":"open","ping_status":"closed","sticky":false,"template":"","format":"standard","meta":{"footnotes":""},"categories":[2719],"tags":[389,11659,192,75,379,8875,3690,11660,390,15,10653,894,54,1141,2499,18,11497,2423,11661,5347,1812],"class_list":["post-8485","post","type-post","status-publish","format-standard","hentry","category-servidor","tag-abono","tag-assiembleia","tag-audiencia","tag-aumento","tag-categoria","tag-clausulas","tag-desconto","tag-dias-parados","tag-empresas","tag-greve","tag-ministerio-publico-do-trabalho","tag-negociacoes","tag-proposta","tag-punicao","tag-reajsute","tag-salarial","tag-sindesv","tag-suspensao","tag-ticket-alimentacao","tag-trt10","tag-vigilantes"],"_links":{"self":[{"href":"https:\/\/blogs.correiobraziliense.com.br\/servidor\/wp-json\/wp\/v2\/posts\/8485","targetHints":{"allow":["GET"]}}],"collection":[{"href":"https:\/\/blogs.correiobraziliense.com.br\/servidor\/wp-json\/wp\/v2\/posts"}],"about":[{"href":"https:\/\/blogs.correiobraziliense.com.br\/servidor\/wp-json\/wp\/v2\/types\/post"}],"author":[{"embeddable":true,"href":"https:\/\/blogs.correiobraziliense.com.br\/servidor\/wp-json\/wp\/v2\/users\/27"}],"replies":[{"embeddable":true,"href":"https:\/\/blogs.correiobraziliense.com.br\/servidor\/wp-json\/wp\/v2\/comments?post=8485"}],"version-history":[{"count":1,"href":"https:\/\/blogs.correiobraziliense.com.br\/servidor\/wp-json\/wp\/v2\/posts\/8485\/revisions"}],"predecessor-version":[{"id":8486,"href":"https:\/\/blogs.correiobraziliense.com.br\/servidor\/wp-json\/wp\/v2\/posts\/8485\/revisions\/8486"}],"wp:attachment":[{"href":"https:\/\/blogs.correiobraziliense.com.br\/servidor\/wp-json\/wp\/v2\/media?parent=8485"}],"wp:term":[{"taxonomy":"category","embeddable":true,"href":"https:\/\/blogs.correiobraziliense.com.br\/servidor\/wp-json\/wp\/v2\/categories?post=8485"},{"taxonomy":"post_tag","embeddable":true,"href":"https:\/\/blogs.correiobraziliense.com.br\/servidor\/wp-json\/wp\/v2\/tags?post=8485"}],"curies":[{"name":"wp","href":"https:\/\/api.w.org\/{rel}","templated":true}]}}