{"id":8481,"date":"2018-03-12T16:19:59","date_gmt":"2018-03-12T19:19:59","guid":{"rendered":"https:\/\/blogs.correiobraziliense.com.br\/servidor\/?p=8481"},"modified":"2018-03-12T16:19:59","modified_gmt":"2018-03-12T19:19:59","slug":"ccj-convida-ministro-luiz-fux-para-debater-seguranca-do-voto-eletronico","status":"publish","type":"post","link":"https:\/\/blogs.correiobraziliense.com.br\/servidor\/ccj-convida-ministro-luiz-fux-para-debater-seguranca-do-voto-eletronico\/","title":{"rendered":"CCJ convida ministro Luiz Fux para debater a seguran\u00e7a do voto eletr\u00f4nico"},"content":{"rendered":"<p><em>Nesta ter\u00e7a-feira (13), a partir das 10h, a Comiss\u00e3o de Constitui\u00e7\u00e3o, Justi\u00e7a e Cidadania do Senado Federal (CCJ) debate, em audi\u00eancia p\u00fablica, a seguran\u00e7a do sistema eletr\u00f4nico de vota\u00e7\u00e3o e a implementa\u00e7\u00e3o do voto impresso nas elei\u00e7\u00f5es de outubro deste ano, com a presen\u00e7a do presidente do Tribunal Superior Eleitoral, Ministro Luiz Fux<\/em><\/p>\n<p>A audi\u00eancia servir\u00e1 para discutir a Lei n\u00b0 13.165 de 2015, conhecida como \u2018minirreforma eleitoral\u2019, j\u00e1 que o Tribunal Superior Eleitoral alega que os altos custos e a falta de recursos t\u00eam impossibilitado o cumprimento da medida.<\/p>\n<p>O autor do requerimento, Senador Lasier Martins (PSD\/RS), quer ouvir o TSE para entender os reais obst\u00e1culos que impedem o cumprimento integral da lei: \u201ca determina\u00e7\u00e3o legal foi imposta em 2015, e isso levanta a necessidade de entender o porqu\u00ea da atitude do \u00f3rg\u00e3o eleitoral em deixar essas tratativas em segundo plano no seu planejamento or\u00e7ament\u00e1rio anual.\u00a0\u201d<\/p>\n<p>A audi\u00eancia \u00e9 de car\u00e1ter interativo e qualquer cidad\u00e3o poder\u00e1 participar enviando perguntas e coment\u00e1rios por meio do\u00a0Portal e-Cidadania\u00a0ou do Al\u00f4 Senado, no telefone 0800 61 22 11.<\/p>\n","protected":false},"excerpt":{"rendered":"<p>Nesta ter\u00e7a-feira (13), a partir das 10h, a Comiss\u00e3o de Constitui\u00e7\u00e3o, Justi\u00e7a e Cidadania do Senado Federal (CCJ) debate, em audi\u00eancia p\u00fablica, a seguran\u00e7a do sistema eletr\u00f4nico de vota\u00e7\u00e3o e a implementa\u00e7\u00e3o do voto impresso nas elei\u00e7\u00f5es de outubro deste ano, com a presen\u00e7a do presidente do Tribunal Superior Eleitoral, Ministro Luiz Fux A audi\u00eancia servir\u00e1 para discutir a Lei [&hellip;]<\/p>\n","protected":false},"author":27,"featured_media":0,"comment_status":"open","ping_status":"closed","sticky":false,"template":"","format":"standard","meta":{"footnotes":""},"categories":[2719],"tags":[8576,1220,2187,11655,1568,2021,1790,5975,11656,35,4513,3213,3,316,208,696,961,34,2053,1498,7117],"class_list":["post-8481","post","type-post","status-publish","format-standard","hentry","category-servidor","tag-anual","tag-audiencia-publica","tag-ccj","tag-convida","tag-custos","tag-eleicoes","tag-eletronico","tag-impresso","tag-luiz-fux-debate","tag-ministro","tag-obstaculos","tag-orcamentario","tag-planejamento","tag-recursos","tag-seguranca","tag-senado","tag-sistema","tag-stf","tag-tse","tag-votacao","tag-voto"],"_links":{"self":[{"href":"https:\/\/blogs.correiobraziliense.com.br\/servidor\/wp-json\/wp\/v2\/posts\/8481","targetHints":{"allow":["GET"]}}],"collection":[{"href":"https:\/\/blogs.correiobraziliense.com.br\/servidor\/wp-json\/wp\/v2\/posts"}],"about":[{"href":"https:\/\/blogs.correiobraziliense.com.br\/servidor\/wp-json\/wp\/v2\/types\/post"}],"author":[{"embeddable":true,"href":"https:\/\/blogs.correiobraziliense.com.br\/servidor\/wp-json\/wp\/v2\/users\/27"}],"replies":[{"embeddable":true,"href":"https:\/\/blogs.correiobraziliense.com.br\/servidor\/wp-json\/wp\/v2\/comments?post=8481"}],"version-history":[{"count":1,"href":"https:\/\/blogs.correiobraziliense.com.br\/servidor\/wp-json\/wp\/v2\/posts\/8481\/revisions"}],"predecessor-version":[{"id":8482,"href":"https:\/\/blogs.correiobraziliense.com.br\/servidor\/wp-json\/wp\/v2\/posts\/8481\/revisions\/8482"}],"wp:attachment":[{"href":"https:\/\/blogs.correiobraziliense.com.br\/servidor\/wp-json\/wp\/v2\/media?parent=8481"}],"wp:term":[{"taxonomy":"category","embeddable":true,"href":"https:\/\/blogs.correiobraziliense.com.br\/servidor\/wp-json\/wp\/v2\/categories?post=8481"},{"taxonomy":"post_tag","embeddable":true,"href":"https:\/\/blogs.correiobraziliense.com.br\/servidor\/wp-json\/wp\/v2\/tags?post=8481"}],"curies":[{"name":"wp","href":"https:\/\/api.w.org\/{rel}","templated":true}]}}