{"id":8473,"date":"2018-03-12T13:01:59","date_gmt":"2018-03-12T16:01:59","guid":{"rendered":"https:\/\/blogs.correiobraziliense.com.br\/servidor\/?p=8473"},"modified":"2018-03-12T13:01:59","modified_gmt":"2018-03-12T16:01:59","slug":"contag-e-unicafes-assinam-acordo-geral-de-cooperacao-para-promocao-do-cooperativismo-e-da-agricultura-familiar","status":"publish","type":"post","link":"https:\/\/blogs.correiobraziliense.com.br\/servidor\/contag-e-unicafes-assinam-acordo-geral-de-cooperacao-para-promocao-do-cooperativismo-e-da-agricultura-familiar\/","title":{"rendered":"Contag e Unicafes assinam acordo geral de coopera\u00e7\u00e3o para promo\u00e7\u00e3o do cooperativismo e da agricultura familiar"},"content":{"rendered":"<p><em>A Confedera\u00e7\u00e3o Nacional dos Trabalhadores Rurais Agricultores e Agricultoras Familiares (Contag) e a Uni\u00e3o Nacional de Cooperativas da Agricultura Familiar e Economia Solid\u00e1ria (Unicafes) assinam nater\u00e7a-feira (13), \u00e0s 11 horas, em Bras\u00edlia, um acordo geral de coopera\u00e7\u00e3o. O objeto \u00e9 a uni\u00e3o de esfor\u00e7os para divulgar a agricultura familiar, para a melhoria da <\/em>qualidade de vida no campo e o desenvolvimento sustent\u00e1vel e solid\u00e1rio<\/p>\n<p><em>A Contag reconhece que o cooperativismo \u00e9 fator essencial ao desenvolvimento sustent\u00e1vel, pois incorpora outras dimens\u00f5es para al\u00e9m da assist\u00eancia t\u00e9cnica e extens\u00e3o rural, produ\u00e7\u00e3o de mat\u00e9ria-prima e fundamenta o processo de organiza\u00e7\u00e3o coletiva para a industrializa\u00e7\u00e3o e comercializa\u00e7\u00e3o promovendo a agrega\u00e7\u00e3o de valor e melhoria da renda<\/em><\/p>\n<p>Ao mesmo tempo, a Unicafes reconhece que a organiza\u00e7\u00e3o sindical \u00e9 fundamental para o processo organizativo e para a conquista de pol\u00edticas p\u00fablicas que incentivem e estimulem a agricultura familiar.<\/p>\n<p>Tanto a Contag quanto a Unicafes acreditam que para potencializar os empreendimentos da agricultura familiar h\u00e1 necessidade de construir, conjuntamente, estrat\u00e9gias e instrumentos de acessibilidade mais competitivos ao mercado consumidor.<\/p>\n<p>As duas organiza\u00e7\u00f5es j\u00e1 s\u00e3o parceiras h\u00e1 anos e essa \u00e9 a segunda renova\u00e7\u00e3o do acordo entre as partes. Essa parceria j\u00e1 resultou em grandes lutas e conquistas, como a cria\u00e7\u00e3o de mais cooperativas focadas na agricultura familiar, na defesa conjunta por pol\u00edticas de fortalecimento da agricultura familiar e do cooperativismo de economia solid\u00e1ria; parceria na Marcha das Margaridas; entre outras.<\/p>\n<p>Servi\u00e7o<\/p>\n<p>Assinatura de acordo geral de coopera\u00e7\u00e3o entre Contag e Unicafes<\/p>\n<p>Data: 13 de mar\u00e7o de 2018<\/p>\n<p>Hor\u00e1rio: 11 horas<\/p>\n<p>Local: Sede da Contag \u2013 SMPW quadra 01, conjunto 02, lote 02, pr\u00f3ximo ao N\u00facleo Bandeirante \u2013 Bras\u00edlia\/DF<\/p>\n<p>&nbsp;<\/p>\n","protected":false},"excerpt":{"rendered":"<p>A Confedera\u00e7\u00e3o Nacional dos Trabalhadores Rurais Agricultores e Agricultoras Familiares (Contag) e a Uni\u00e3o Nacional de Cooperativas da Agricultura Familiar e Economia Solid\u00e1ria (Unicafes) assinam nater\u00e7a-feira (13), \u00e0s 11 horas, em Bras\u00edlia, um acordo geral de coopera\u00e7\u00e3o. O objeto \u00e9 a uni\u00e3o de esfor\u00e7os para divulgar a agricultura familiar, para a melhoria da qualidade de vida no campo e o [&hellip;]<\/p>\n","protected":false},"author":27,"featured_media":0,"comment_status":"open","ping_status":"closed","sticky":false,"template":"","format":"standard","meta":{"footnotes":""},"categories":[2719],"tags":[169,112,11640,10552,11637,5461,11642,2696,1178,11636,3355,1688,8803,11638,11639,10851,11641,2372,358,8748,11635,774],"class_list":["post-8473","post","type-post","status-publish","format-standard","hentry","category-servidor","tag-acessibilidade","tag-acordo","tag-agregacao","tag-agricultura-familiar","tag-asistencia-tecnica","tag-comercializacao","tag-competitivos","tag-contag","tag-cooperacao","tag-cooperativismo","tag-desenvolvimento","tag-estrategias","tag-fundamentos","tag-materia-prima","tag-organizacao-coletiva","tag-politicas-publicas","tag-processo-organizativo","tag-producao","tag-renda","tag-sustentavel","tag-unicafes","tag-valor"],"_links":{"self":[{"href":"https:\/\/blogs.correiobraziliense.com.br\/servidor\/wp-json\/wp\/v2\/posts\/8473","targetHints":{"allow":["GET"]}}],"collection":[{"href":"https:\/\/blogs.correiobraziliense.com.br\/servidor\/wp-json\/wp\/v2\/posts"}],"about":[{"href":"https:\/\/blogs.correiobraziliense.com.br\/servidor\/wp-json\/wp\/v2\/types\/post"}],"author":[{"embeddable":true,"href":"https:\/\/blogs.correiobraziliense.com.br\/servidor\/wp-json\/wp\/v2\/users\/27"}],"replies":[{"embeddable":true,"href":"https:\/\/blogs.correiobraziliense.com.br\/servidor\/wp-json\/wp\/v2\/comments?post=8473"}],"version-history":[{"count":1,"href":"https:\/\/blogs.correiobraziliense.com.br\/servidor\/wp-json\/wp\/v2\/posts\/8473\/revisions"}],"predecessor-version":[{"id":8474,"href":"https:\/\/blogs.correiobraziliense.com.br\/servidor\/wp-json\/wp\/v2\/posts\/8473\/revisions\/8474"}],"wp:attachment":[{"href":"https:\/\/blogs.correiobraziliense.com.br\/servidor\/wp-json\/wp\/v2\/media?parent=8473"}],"wp:term":[{"taxonomy":"category","embeddable":true,"href":"https:\/\/blogs.correiobraziliense.com.br\/servidor\/wp-json\/wp\/v2\/categories?post=8473"},{"taxonomy":"post_tag","embeddable":true,"href":"https:\/\/blogs.correiobraziliense.com.br\/servidor\/wp-json\/wp\/v2\/tags?post=8473"}],"curies":[{"name":"wp","href":"https:\/\/api.w.org\/{rel}","templated":true}]}}