{"id":8466,"date":"2018-03-12T12:24:20","date_gmt":"2018-03-12T15:24:20","guid":{"rendered":"https:\/\/blogs.correiobraziliense.com.br\/servidor\/?p=8466"},"modified":"2018-03-12T12:27:32","modified_gmt":"2018-03-12T15:27:32","slug":"governo-prorroga-prazo-para-adesao-ao-programa-de-regularizacao-tributaria-rural-com-novo-prazo","status":"publish","type":"post","link":"https:\/\/blogs.correiobraziliense.com.br\/servidor\/governo-prorroga-prazo-para-adesao-ao-programa-de-regularizacao-tributaria-rural-com-novo-prazo\/","title":{"rendered":"Governo prorroga prazo para ades\u00e3o ao Programa de Regulariza\u00e7\u00e3o Tribut\u00e1ria Rural com novo prazo"},"content":{"rendered":"<div style=\"text-align: left\" align=\"center\"><em>O prazo para ades\u00e3o ao Programa de Regulariza\u00e7\u00e3o Tribut\u00e1ria Rural (PRR) foi prorrogado para 30 de abril de 2018. O PRR permite que d\u00edvidas com a Fazenda Nacional dos produtores rurais sejam negociadas em condi\u00e7\u00f5es especiais, com perd\u00e3o de juros<\/em><\/div>\n<div style=\"text-align: left\" align=\"center\">\n<p>A Receita Federal informou que foi publicada hoje, no Di\u00e1rio Oficial da Uni\u00e3o, a <a href=\"http:\/\/normas.receita.fazenda.gov.br\/sijut2consulta\/link.action?visao=anotado&amp;idAto=90714\" target=\"_blank\">Instru\u00e7\u00e3o Normativa RFB n\u00ba 1797<\/a>, de 2018, tratando da regulamenta\u00e7\u00e3o do Programa de Regulariza\u00e7\u00e3o Tribut\u00e1ria Rural PRR. O prazo para ades\u00e3o ao PRR foi prorrogado para 30 de abril de 2018, por meio da Lei n\u00ba 13.630, de 28 de fevereiro de 2018. Antes, o prazo era 28 de fevereiro de 2018.<\/p>\n<p>O PRR foi institu\u00eddo pela Lei n\u00ba 13.606, de 9 de janeiro de 2018, e permite que as d\u00edvidas para com a Fazenda Nacional dos produtores rurais pessoas f\u00edsicas e dos adquirentes de produ\u00e7\u00e3o rural de pessoa f\u00edsica que trata o art. 25 da n\u00ba Lei n\u00ba 8.212, de 1991, e as d\u00edvidas dos produtores rurais pessoas jur\u00eddicas de que trata o art. 25 da n\u00ba Lei n\u00ba 8.870, de 1994, vencidas at\u00e9 30 de agosto de 2017, sejam renegociadas em condi\u00e7\u00f5es especiais. No caso, mediante o pagamento, sem redu\u00e7\u00f5es, de 2,5% da d\u00edvida consolidada, em 2 parcelas, venc\u00edveis, ap\u00f3s a altera\u00e7\u00e3o promovida pela Lei 13.630, em abril e maio de 2018, e o restante da d\u00edvida com redu\u00e7\u00e3o de 100% (cem por cento) dos juros de mora, observado o seguinte:<\/p>\n<p>1- se o optante for produtor rural, pessoa f\u00edsica ou jur\u00eddica, o restante da d\u00edvida ser\u00e1 parcelado em 176 meses, e o valor da parcela corresponder\u00e1 a 0,8% da m\u00e9dia mensal da receita bruta proveniente da comercializa\u00e7\u00e3o da produ\u00e7\u00e3o rural do ano imediatamente anterior ao do vencimento da parcela; a presta\u00e7\u00e3o m\u00ednima \u00e9 de R$ 100,00;<\/p>\n<p>2 &#8211; se o optante for adquirente de produ\u00e7\u00e3o rural de pessoa f\u00edsica ou cooperativa, o restante da d\u00edvida ser\u00e1 parcelado em 176 meses, e o valor da parcela corresponder\u00e1 a 0,3% da m\u00e9dia mensal da receita bruta proveniente da comercializa\u00e7\u00e3o do ano imediatamente anterior ao do vencimento da parcela; a presta\u00e7\u00e3o m\u00ednima \u00e9 de R$ 1.000,00.<\/p>\n<\/div>\n","protected":false},"excerpt":{"rendered":"<p>O prazo para ades\u00e3o ao Programa de Regulariza\u00e7\u00e3o Tribut\u00e1ria Rural (PRR) foi prorrogado para 30 de abril de 2018. O PRR permite que d\u00edvidas com a Fazenda Nacional dos produtores rurais sejam negociadas em condi\u00e7\u00f5es especiais, com perd\u00e3o de juros A Receita Federal informou que foi publicada hoje, no Di\u00e1rio Oficial da Uni\u00e3o, a Instru\u00e7\u00e3o Normativa RFB n\u00ba 1797, de [&hellip;]<\/p>\n","protected":false},"author":27,"featured_media":0,"comment_status":"open","ping_status":"closed","sticky":false,"template":"","format":"standard","meta":{"footnotes":""},"categories":[2719],"tags":[11616,11622,5461,1383,1247,11619,4395,98,11618,151,11621,7856,11620,1174,732,2372,3815,11617,461,4152],"class_list":["post-8466","post","type-post","status-publish","format-standard","hentry","category-servidor","tag-adesao-programa-de-regularizacao-tributaria-rural","tag-bruta","tag-comercializacao","tag-condicoes","tag-dividas","tag-espciais","tag-fazenda-nacional","tag-governo","tag-negociadas","tag-pagamento","tag-parcelado","tag-parcelas","tag-perdao-de-juros","tag-prazo","tag-prestacao","tag-producao","tag-prorroga","tag-prr","tag-receita","tag-vencimento"],"_links":{"self":[{"href":"https:\/\/blogs.correiobraziliense.com.br\/servidor\/wp-json\/wp\/v2\/posts\/8466","targetHints":{"allow":["GET"]}}],"collection":[{"href":"https:\/\/blogs.correiobraziliense.com.br\/servidor\/wp-json\/wp\/v2\/posts"}],"about":[{"href":"https:\/\/blogs.correiobraziliense.com.br\/servidor\/wp-json\/wp\/v2\/types\/post"}],"author":[{"embeddable":true,"href":"https:\/\/blogs.correiobraziliense.com.br\/servidor\/wp-json\/wp\/v2\/users\/27"}],"replies":[{"embeddable":true,"href":"https:\/\/blogs.correiobraziliense.com.br\/servidor\/wp-json\/wp\/v2\/comments?post=8466"}],"version-history":[{"count":2,"href":"https:\/\/blogs.correiobraziliense.com.br\/servidor\/wp-json\/wp\/v2\/posts\/8466\/revisions"}],"predecessor-version":[{"id":8468,"href":"https:\/\/blogs.correiobraziliense.com.br\/servidor\/wp-json\/wp\/v2\/posts\/8466\/revisions\/8468"}],"wp:attachment":[{"href":"https:\/\/blogs.correiobraziliense.com.br\/servidor\/wp-json\/wp\/v2\/media?parent=8466"}],"wp:term":[{"taxonomy":"category","embeddable":true,"href":"https:\/\/blogs.correiobraziliense.com.br\/servidor\/wp-json\/wp\/v2\/categories?post=8466"},{"taxonomy":"post_tag","embeddable":true,"href":"https:\/\/blogs.correiobraziliense.com.br\/servidor\/wp-json\/wp\/v2\/tags?post=8466"}],"curies":[{"name":"wp","href":"https:\/\/api.w.org\/{rel}","templated":true}]}}