{"id":8464,"date":"2018-03-12T12:16:56","date_gmt":"2018-03-12T15:16:56","guid":{"rendered":"https:\/\/blogs.correiobraziliense.com.br\/servidor\/?p=8464"},"modified":"2018-03-12T12:16:56","modified_gmt":"2018-03-12T15:16:56","slug":"cvm-e-previc-assinam-acordo-de-cooperacao-tecnica","status":"publish","type":"post","link":"https:\/\/blogs.correiobraziliense.com.br\/servidor\/cvm-e-previc-assinam-acordo-de-cooperacao-tecnica\/","title":{"rendered":"CVM e Previc assinam Acordo de Coopera\u00e7\u00e3o T\u00e9cnica"},"content":{"rendered":"<p><em>Interc\u00e2mbio de informa\u00e7\u00f5es e coordena\u00e7\u00e3o de atividades est\u00e3o entre os objetivos<\/em><\/p>\n<p>A Comiss\u00e3o de Valores Mobili\u00e1rios (CVM) e a Superintend\u00eancia Nacional de Previd\u00eancia Complementar (Previc) assinam nesta ter\u00e7a-feira, 13 de maio de 2018, Acordo de Coopera\u00e7\u00e3o T\u00e9cnica. A iniciativa amplia o escopo de conv\u00eanio anterior, firmado em 2005, a fim de assegurar efetiva e permanente coopera\u00e7\u00e3o entre as entidades com vistas ao interc\u00e2mbio de informa\u00e7\u00f5es, \u00e0 articula\u00e7\u00e3o e \u00e0 coordena\u00e7\u00e3o de atividades.<\/p>\n<p>A assinatura ocorrer\u00e1 na sede da CVM, no Rio de Janeiro, e contar\u00e1 com a presen\u00e7a do presidente da CVM, Marcelo Barbosa, e do diretor superintendente da Previc, substituto, F\u00e1bio Coelho.<\/p>\n<p><strong><u>Informa\u00e7\u00f5es<\/u><\/strong><\/p>\n<p><strong>Assinatura de Acordo de Coopera\u00e7\u00e3o T\u00e9cnica CVM e Previc<\/strong><\/p>\n<p>Dia: 13\/03\/2018<\/p>\n<p>Hor\u00e1rio: 14h<\/p>\n<p>Local: Audit\u00f3rio da sede da CVM \u2013 <a href=\"https:\/\/maps.google.com\/?q=Rua+Sete+de+Setembro,+111++34%C2%BA+andar++Centro++RJ&amp;entry=gmail&amp;source=g\">Rua Sete de Setembro, 111 <\/a>\u2013 <a href=\"https:\/\/maps.google.com\/?q=Rua+Sete+de+Setembro,+111++34%C2%BA+andar++Centro++RJ&amp;entry=gmail&amp;source=g\">34\u00ba andar <\/a>\u2013 <a href=\"https:\/\/maps.google.com\/?q=Rua+Sete+de+Setembro,+111++34%C2%BA+andar++Centro++RJ&amp;entry=gmail&amp;source=g\">Centro <\/a>\u2013 <a href=\"https:\/\/maps.google.com\/?q=Rua+Sete+de+Setembro,+111++34%C2%BA+andar++Centro++RJ&amp;entry=gmail&amp;source=g\">RJ<\/a>.<\/p>\n","protected":false},"excerpt":{"rendered":"<p>Interc\u00e2mbio de informa\u00e7\u00f5es e coordena\u00e7\u00e3o de atividades est\u00e3o entre os objetivos A Comiss\u00e3o de Valores Mobili\u00e1rios (CVM) e a Superintend\u00eancia Nacional de Previd\u00eancia Complementar (Previc) assinam nesta ter\u00e7a-feira, 13 de maio de 2018, Acordo de Coopera\u00e7\u00e3o T\u00e9cnica. A iniciativa amplia o escopo de conv\u00eanio anterior, firmado em 2005, a fim de assegurar efetiva e permanente coopera\u00e7\u00e3o entre as entidades com [&hellip;]<\/p>\n","protected":false},"author":27,"featured_media":0,"comment_status":"open","ping_status":"closed","sticky":false,"template":"","format":"standard","meta":{"footnotes":""},"categories":[2719],"tags":[11615,463,11614,561,5823],"class_list":["post-8464","post","type-post","status-publish","format-standard","hentry","category-servidor","tag-acordo-de-cooperacao-tecnica","tag-atividades","tag-cvm-previc","tag-informacoes","tag-intercambio"],"_links":{"self":[{"href":"https:\/\/blogs.correiobraziliense.com.br\/servidor\/wp-json\/wp\/v2\/posts\/8464","targetHints":{"allow":["GET"]}}],"collection":[{"href":"https:\/\/blogs.correiobraziliense.com.br\/servidor\/wp-json\/wp\/v2\/posts"}],"about":[{"href":"https:\/\/blogs.correiobraziliense.com.br\/servidor\/wp-json\/wp\/v2\/types\/post"}],"author":[{"embeddable":true,"href":"https:\/\/blogs.correiobraziliense.com.br\/servidor\/wp-json\/wp\/v2\/users\/27"}],"replies":[{"embeddable":true,"href":"https:\/\/blogs.correiobraziliense.com.br\/servidor\/wp-json\/wp\/v2\/comments?post=8464"}],"version-history":[{"count":1,"href":"https:\/\/blogs.correiobraziliense.com.br\/servidor\/wp-json\/wp\/v2\/posts\/8464\/revisions"}],"predecessor-version":[{"id":8465,"href":"https:\/\/blogs.correiobraziliense.com.br\/servidor\/wp-json\/wp\/v2\/posts\/8464\/revisions\/8465"}],"wp:attachment":[{"href":"https:\/\/blogs.correiobraziliense.com.br\/servidor\/wp-json\/wp\/v2\/media?parent=8464"}],"wp:term":[{"taxonomy":"category","embeddable":true,"href":"https:\/\/blogs.correiobraziliense.com.br\/servidor\/wp-json\/wp\/v2\/categories?post=8464"},{"taxonomy":"post_tag","embeddable":true,"href":"https:\/\/blogs.correiobraziliense.com.br\/servidor\/wp-json\/wp\/v2\/tags?post=8464"}],"curies":[{"name":"wp","href":"https:\/\/api.w.org\/{rel}","templated":true}]}}