{"id":8462,"date":"2018-03-12T11:55:13","date_gmt":"2018-03-12T14:55:13","guid":{"rendered":"https:\/\/blogs.correiobraziliense.com.br\/servidor\/?p=8462"},"modified":"2018-03-12T11:55:13","modified_gmt":"2018-03-12T14:55:13","slug":"greve-dos-trabalhadores-dos-correios","status":"publish","type":"post","link":"https:\/\/blogs.correiobraziliense.com.br\/servidor\/greve-dos-trabalhadores-dos-correios\/","title":{"rendered":"Greve dos Trabalhadores dos Correios"},"content":{"rendered":"<p dir=\"ltr\"><em>Os trabalhadores dos Correios de S\u00e3o Paulo (Grande SP, ABC e regi\u00e3o de Sorocaba), Rio de Janeiro, Bauru\/SP e regi\u00e3o, Maranh\u00e3o e Tocantins est\u00e3o em greve desde as 22h de domingo (11 de mar\u00e7o)<\/em><\/p>\n<p dir=\"ltr\">A greve \u00e9 orienta\u00e7\u00e3o da Federa\u00e7\u00e3o Interestadual dos Sindicatos de Trabalhadores dos Correios (Findect), ap\u00f3s exaustivas negocia\u00e7\u00f5es junto \u00e0 empresa, explica a entidade sindical.<\/p>\n<p dir=\"ltr\"><strong>Reivindica\u00e7\u00e3o dos trabalhadores<\/strong><\/p>\n<p dir=\"ltr\">\u2013 Faltam funcion\u00e1rios em todo o pa\u00eds (nos \u00faltimos 4 anos foram demitidos mais de 20 mil e, desde 2011, a empresa n\u00e3o abre concurso para carteiros, atendentes e OTT);<\/p>\n<p dir=\"ltr\">\u2013 Atrasos em cartas e encomendas, gerando descontentamento da popula\u00e7\u00e3o;<\/p>\n<p dir=\"ltr\">\u2013 Fechamento de ag\u00eancias (aprovado pela dire\u00e7\u00e3o da empresa no \u00faltimo dia 27);<\/p>\n<p dir=\"ltr\">\u2013 Extin\u00e7\u00e3o do cargo de OTT (aprovado pela dire\u00e7\u00e3o da empresa no dia 25 de janeiro);<\/p>\n<p dir=\"ltr\">\u2013 Demiss\u00e3o Motivada (aprovada pela dire\u00e7\u00e3o da empresa no \u00faltimo dia 27);<\/p>\n<p dir=\"ltr\">\u2013 Implanta\u00e7\u00e3o do DDA \u2013 Distribui\u00e7\u00e3o Domiciliar Alternada (Portaria publicada pelo Ministro das Comunica\u00e7\u00f5es no \u00faltimo dia 7);<\/p>\n<p dir=\"ltr\">\u2013 Falta de manuten\u00e7\u00e3o nos ve\u00edculos, bicicletas, ag\u00eancias e outros pr\u00e9dios da empresa (vide inc\u00eandios de grandes propor\u00e7\u00f5es s\u00f3 nos primeiros meses de 2018);<\/p>\n<p dir=\"ltr\">\u2013 Suspens\u00e3o das f\u00e9rias de todos os funcion\u00e1rios pela segunda vez consecutiva;<\/p>\n<p dir=\"ltr\">\u2013 Amea\u00e7a de cortes de direitos (como a assist\u00eancia m\u00e9dica dos pais e m\u00e3es, e aposentados);<\/p>\n<p dir=\"ltr\">\u2013 Fim do diferencial de mercado (aprovado pela dire\u00e7\u00e3o da empresa no \u00faltimo dia 27)<\/p>\n<p dir=\"ltr\"><strong>Hist\u00f3rico<\/strong><\/p>\n<p dir=\"ltr\">De acordo com a Findect, nos \u00faltimos meses, a Empresa Brasileira de Correios e Tel\u00e9grafos tem sido &#8220;alvo de maldades e ataques de setores que buscam a privatiza\u00e7\u00e3o desta que \u00e9 um patrim\u00f4nio nacional&#8221;. A gest\u00e3o que atualmente administra a Empresa, sob as coordenadas do Ministro das Comunica\u00e7\u00f5es, Gilberto Kassab (PSD), e &#8220;debaixo das artimanhas de Guilherme Campos, presidente da ECT, intensificou o desmonte dos Correios com o objetivo de entregar a empresa \u00e0 iniciativa privada&#8221;.<\/p>\n<p dir=\"ltr\">A Findect destaca que, diante desse quadro, &#8220;a situa\u00e7\u00e3o para os trabalhadores est\u00e1 caminhando para um grande colapso. Os ataques, que se iniciaram durante o governo anterior, foram intensificados pelo &#8220;residente Temer&#8221;:<\/p>\n<p dir=\"ltr\">Por esses motivos, a Findect orientou os sindicatos filiados para, em assembleias, votarem pela aprova\u00e7\u00e3o da greve para as 22h do dia 11 de mar\u00e7o. A Federa\u00e7\u00e3o tamb\u00e9m encaminhou pela recusa da proposta de custeio para a assist\u00eancia m\u00e9dica, elaborada pelo TST. As orienta\u00e7\u00f5es foram acatadas pelos trabalhadores. Por isso, o pessoal das bases (S\u00e3o Paulo, Rio de Janeiro, Bauru, Maranh\u00e3o e Tocantins) n\u00e3o apenas cruzar\u00e3o os bra\u00e7os, mas dar\u00e3o in\u00edcio ao movimento de recupera\u00e7\u00e3o dos Correios.<\/p>\n<p dir=\"ltr\">A Findect representa, atualmente, pouco mais de 40% dos trabalhadores dos Correios. No entanto, somente as bases de S\u00e3o Paulo e Rio de Janeiro concentram 75% do fluxo postal de todo o pa\u00eds. A paralisa\u00e7\u00e3o das atividades nessas regi\u00f5es oferece impacto significativo nos servi\u00e7os prestados pela empresa.<\/p>\n<p dir=\"ltr\">\u201cSabemos que uma greve neste momento \u00e9 delicado. N\u00f3s gostar\u00edamos que a dire\u00e7\u00e3o da empresa fosse respons\u00e1vel e apresentasse proposta que atendesse a categoria. O que pedimos \u00e9 justo, e esgotamos todos os meios de negociar com a empresa. A greve \u00e9 responsabilidade da dire\u00e7\u00e3o, e quem vai sofrer os impactos s\u00e3o os consumidores, infelizmente\u201d, enfatiza o presidente da Findect, Jos\u00e9 Aparecido Gimenes Gandara.<\/p>\n<p dir=\"ltr\"><strong>Plano de Sa\u00fade<\/strong><\/p>\n<p dir=\"ltr\">Outra quest\u00e3o que contribui para a insatisfa\u00e7\u00e3o dos trabalhadores \u00e9 a falta de compromisso da empresa em n\u00e3o cobrar mensalidade no plano de assist\u00eancia m\u00e9dica da categoria. Este benef\u00edcio \u00e9 uma conquista de v\u00e1rios anos, e representa uma repara\u00e7\u00e3o dos riscos e desgastes dos trabalhadores no exerc\u00edcio da fun\u00e7\u00e3o. O carteiro, por exemplo, carrega bolsa com mais de 10k, sob forte sol, com risco de assalto, v\u00edtima de cachorros, cal\u00e7adas mal sinalizadas e\/ou acidentadas, que colocam em cheque a qualidade do ambiente de trabalho.<\/p>\n<p dir=\"ltr\">Entre os trabalhadores do funcionalismo p\u00fablico federal, a categoria dos Correios \u00e9 a que recebe o menor sal\u00e1rio. Por isso a impossibilidade de maior contribui\u00e7\u00e3o no plano de sa\u00fade.<\/p>\n<div dir=\"ltr\">\n<table style=\"height: 290px\" width=\"639\">\n<tbody>\n<tr>\n<td><\/td>\n<\/tr>\n<\/tbody>\n<\/table>\n<\/div>\n","protected":false},"excerpt":{"rendered":"<p>Os trabalhadores dos Correios de S\u00e3o Paulo (Grande SP, ABC e regi\u00e3o de Sorocaba), Rio de Janeiro, Bauru\/SP e regi\u00e3o, Maranh\u00e3o e Tocantins est\u00e3o em greve desde as 22h de domingo (11 de mar\u00e7o) A greve \u00e9 orienta\u00e7\u00e3o da Federa\u00e7\u00e3o Interestadual dos Sindicatos de Trabalhadores dos Correios (Findect), ap\u00f3s exaustivas negocia\u00e7\u00f5es junto \u00e0 empresa, explica a entidade sindical. Reivindica\u00e7\u00e3o dos [&hellip;]<\/p>\n","protected":false},"author":27,"featured_media":0,"comment_status":"open","ping_status":"closed","sticky":false,"template":"","format":"standard","meta":{"footnotes":""},"categories":[2719],"tags":[879,7556,984,11607,1293,9116,93,20,11611,1017,717,11613,4484,3969,390,11609,11610,2032,8834,11606,15,11612,1778,3073,894,11608,545,1001,1829,503,838],"class_list":["post-8462","post","type-post","status-publish","format-standard","hentry","category-servidor","tag-agencias","tag-asistencia","tag-assistencia","tag-atendentes","tag-cartas","tag-carteiros","tag-concurso","tag-correios","tag-dda","tag-demissao","tag-demitidos","tag-diferencial","tag-direcao","tag-domingo","tag-empresas","tag-encomentas","tag-exincao","tag-ferias","tag-findect","tag-fu-ncionarios","tag-greve","tag-incencidos","tag-manutencao","tag-medica","tag-negociacoes","tag-ott","tag-populacao","tag-privatizacao","tag-trbalhadores","tag-tst","tag-veiculos"],"_links":{"self":[{"href":"https:\/\/blogs.correiobraziliense.com.br\/servidor\/wp-json\/wp\/v2\/posts\/8462","targetHints":{"allow":["GET"]}}],"collection":[{"href":"https:\/\/blogs.correiobraziliense.com.br\/servidor\/wp-json\/wp\/v2\/posts"}],"about":[{"href":"https:\/\/blogs.correiobraziliense.com.br\/servidor\/wp-json\/wp\/v2\/types\/post"}],"author":[{"embeddable":true,"href":"https:\/\/blogs.correiobraziliense.com.br\/servidor\/wp-json\/wp\/v2\/users\/27"}],"replies":[{"embeddable":true,"href":"https:\/\/blogs.correiobraziliense.com.br\/servidor\/wp-json\/wp\/v2\/comments?post=8462"}],"version-history":[{"count":1,"href":"https:\/\/blogs.correiobraziliense.com.br\/servidor\/wp-json\/wp\/v2\/posts\/8462\/revisions"}],"predecessor-version":[{"id":8463,"href":"https:\/\/blogs.correiobraziliense.com.br\/servidor\/wp-json\/wp\/v2\/posts\/8462\/revisions\/8463"}],"wp:attachment":[{"href":"https:\/\/blogs.correiobraziliense.com.br\/servidor\/wp-json\/wp\/v2\/media?parent=8462"}],"wp:term":[{"taxonomy":"category","embeddable":true,"href":"https:\/\/blogs.correiobraziliense.com.br\/servidor\/wp-json\/wp\/v2\/categories?post=8462"},{"taxonomy":"post_tag","embeddable":true,"href":"https:\/\/blogs.correiobraziliense.com.br\/servidor\/wp-json\/wp\/v2\/tags?post=8462"}],"curies":[{"name":"wp","href":"https:\/\/api.w.org\/{rel}","templated":true}]}}