{"id":8448,"date":"2018-03-09T16:55:56","date_gmt":"2018-03-09T19:55:56","guid":{"rendered":"https:\/\/blogs.correiobraziliense.com.br\/servidor\/?p=8448"},"modified":"2018-03-09T16:55:56","modified_gmt":"2018-03-09T19:55:56","slug":"sindifisco-debate-o-peso-da-carga-tributaria-em-audiencia-no-senado","status":"publish","type":"post","link":"https:\/\/blogs.correiobraziliense.com.br\/servidor\/sindifisco-debate-o-peso-da-carga-tributaria-em-audiencia-no-senado\/","title":{"rendered":"Sindifisco debate o peso da carga tribut\u00e1ria em audi\u00eancia no Senado"},"content":{"rendered":"<p><em>O presidente do Sindifisco Nacional, Claudio Damasceno, participou hoje de manh\u00e3 do debate \u201cA carga tribut\u00e1ria no pa\u00eds com foco no Imposto de Renda\u201d, Comiss\u00e3o de Direitos Humanos e Legisla\u00e7\u00e3o Participativa (CDH) do Senado<\/em><\/p>\n<p>O encontro, segundo o Sindifisco, pretendeu acolher propostas para melhoria do sistema tribut\u00e1rio. Damasceno apresentou o estudo que denuncia a defasagem de 88,4% na tabela do Imposto de Renda de Pessoa F\u00edsica \u2013 com base no IPCA de 1996 a 2017.<\/p>\n<p>Em 2013, o Sindifisco ofereceu um grupo de medidas, reunidas na campanha Imposto Justo. Entre outras coisas, propunha corrigir o IRPF ao longo de dez anos, sem que houvesse queda na arrecada\u00e7\u00e3o.<\/p>\n<p>No bojo do projeto estavam reajustar a tabela por um \u00edndice que acompanhasse a renda do trabalhador; corrigir o valor de custo para compra de im\u00f3veis; e aplicar a tributa\u00e7\u00e3o progressiva de lucros e dividendos para s\u00f3cios e acionistas, a partir de R$ 60 mil anuais. Mas as propostas n\u00e3o andaram na C\u00e2mara dos Deputados, informou o Sindifisco.<\/p>\n<p>\u201cSe essas medidas fossem adotadas, o governo teria uma folga de recursos para atuar a servi\u00e7o da popula\u00e7\u00e3o. Se quisermos fazer justi\u00e7a social, \u00e9 preciso que comece pela justi\u00e7a fiscal\u201d, frisou Damasceno.<\/p>\n","protected":false},"excerpt":{"rendered":"<p>O presidente do Sindifisco Nacional, Claudio Damasceno, participou hoje de manh\u00e3 do debate \u201cA carga tribut\u00e1ria no pa\u00eds com foco no Imposto de Renda\u201d, Comiss\u00e3o de Direitos Humanos e Legisla\u00e7\u00e3o Participativa (CDH) do Senado O encontro, segundo o Sindifisco, pretendeu acolher propostas para melhoria do sistema tribut\u00e1rio. Damasceno apresentou o estudo que denuncia a defasagem de 88,4% na tabela do [&hellip;]<\/p>\n","protected":false},"author":27,"featured_media":0,"comment_status":"open","ping_status":"closed","sticky":false,"template":"","format":"standard","meta":{"footnotes":""},"categories":[2719],"tags":[946,192,11594,7630,8798,847,77,134,1287,355,3786,3354,696,597,354,3088,1307],"class_list":["post-8448","post","type-post","status-publish","format-standard","hentry","category-servidor","tag-arrecadacao","tag-audiencia","tag-campanha-imposto-justo","tag-carga","tag-cdh","tag-debate","tag-defasagem","tag-denuncia","tag-estudo","tag-imposto-de-renda","tag-irpf","tag-peso","tag-senado","tag-sindifisco","tag-tabela","tag-trabalhador","tag-tributaria"],"_links":{"self":[{"href":"https:\/\/blogs.correiobraziliense.com.br\/servidor\/wp-json\/wp\/v2\/posts\/8448","targetHints":{"allow":["GET"]}}],"collection":[{"href":"https:\/\/blogs.correiobraziliense.com.br\/servidor\/wp-json\/wp\/v2\/posts"}],"about":[{"href":"https:\/\/blogs.correiobraziliense.com.br\/servidor\/wp-json\/wp\/v2\/types\/post"}],"author":[{"embeddable":true,"href":"https:\/\/blogs.correiobraziliense.com.br\/servidor\/wp-json\/wp\/v2\/users\/27"}],"replies":[{"embeddable":true,"href":"https:\/\/blogs.correiobraziliense.com.br\/servidor\/wp-json\/wp\/v2\/comments?post=8448"}],"version-history":[{"count":1,"href":"https:\/\/blogs.correiobraziliense.com.br\/servidor\/wp-json\/wp\/v2\/posts\/8448\/revisions"}],"predecessor-version":[{"id":8449,"href":"https:\/\/blogs.correiobraziliense.com.br\/servidor\/wp-json\/wp\/v2\/posts\/8448\/revisions\/8449"}],"wp:attachment":[{"href":"https:\/\/blogs.correiobraziliense.com.br\/servidor\/wp-json\/wp\/v2\/media?parent=8448"}],"wp:term":[{"taxonomy":"category","embeddable":true,"href":"https:\/\/blogs.correiobraziliense.com.br\/servidor\/wp-json\/wp\/v2\/categories?post=8448"},{"taxonomy":"post_tag","embeddable":true,"href":"https:\/\/blogs.correiobraziliense.com.br\/servidor\/wp-json\/wp\/v2\/tags?post=8448"}],"curies":[{"name":"wp","href":"https:\/\/api.w.org\/{rel}","templated":true}]}}