{"id":8446,"date":"2018-03-09T16:50:31","date_gmt":"2018-03-09T19:50:31","guid":{"rendered":"https:\/\/blogs.correiobraziliense.com.br\/servidor\/?p=8446"},"modified":"2018-03-09T16:50:31","modified_gmt":"2018-03-09T19:50:31","slug":"fenajufe-cobra-do-stf-aprovacao-do-trem-bala-da-alegria-diz-anajus","status":"publish","type":"post","link":"https:\/\/blogs.correiobraziliense.com.br\/servidor\/fenajufe-cobra-do-stf-aprovacao-do-trem-bala-da-alegria-diz-anajus\/","title":{"rendered":"Fenajufe cobra do STF aprova\u00e7\u00e3o do \u2018trem-bala\u2019 da alegria, diz Anajus"},"content":{"rendered":"<p><em>O objetivo da entidade \u00e9 elevar para superior a escolaridade de 80 mil t\u00e9cnicos judici\u00e1rios de n\u00edvel m\u00e9dio, sem concurso p\u00fablico, afirma a Associa\u00e7\u00e3o Nacional dos Analistas do Judici\u00e1rio e do Minist\u00e9rio P\u00fablico da Uni\u00e3o (Anajus). T\u00e9cnicos judici\u00e1rios pretendem ocupar a Pra\u00e7a dos Tr\u00eas Poderes com manifesta\u00e7\u00f5es em frente ao pr\u00e9dio do STF para pressionar os ministros a uma decis\u00e3o que viola o texto constitucional, denuncia Anajus<br \/>\n<\/em><\/p>\n<p>Por meio de nota, a Anajus informou que a Fenajufe decidiu enviar of\u00edcio \u00e0 presidente do Supremo Tribunal Federal (STF), ministra C\u00e1rmen L\u00facia, cobrando nova audi\u00eancia para &#8220;tentar aprovar o Projeto NS (N\u00edvel Superior), o chamado \u2018trem-bala da alegria\u2019, que eleva a escolaridade de 85 mil t\u00e9cnicos judici\u00e1rios, sem a necessidade de aprova\u00e7\u00e3o em concurso p\u00fablico&#8221;.<\/p>\n<p>A Anajus lembra que, em not\u00edcia publicada em seu site, a Federa\u00e7\u00e3o reclama que a magistrada deixou de cumprir o suposto compromisso que teria assumido em audi\u00eancia com a dire\u00e7\u00e3o executiva, em 19 de dezembro de 2017, e pede \u201ca realiza\u00e7\u00e3o de reuni\u00e3o o mais r\u00e1pido poss\u00edvel\u201d.<\/p>\n<p>\u201cVale lembrar que ao final da reuni\u00e3o em 19 de dezembro do ano passado, C\u00e1rmen L\u00facia comprometeu-se a examinar os pedidos ainda durante o recesso . \u00c0 \u00e9poca ela informou que ap\u00f3s debater os temas com os presidentes dos tribunais superiores, nova reuni\u00e3o com a Fenajufe seria organizada para informar os encaminhamentos referentes \u00e0s demandas apresentadas\u201d, ilustra a not\u00edcia.<\/p>\n<p>&#8220;O presidente da Associa\u00e7\u00e3o Nacional dos Analistas do Judici\u00e1rio e do Minist\u00e9rio P\u00fablico da Uni\u00e3o (Anajus), Daniel Amorim, vai refor\u00e7ar tamb\u00e9m pedido de audi\u00eancia junto \u00e0 presidente do STF para tratar do mesmo tema porque o Projeto NS representa um atentado ao princ\u00edpio constitucional que exige a aprova\u00e7\u00e3o em concurso p\u00fablico para a altera\u00e7\u00e3o de escolaridade para servidores p\u00fablicos&#8221;, salienta a nota.<\/p>\n<p><strong>Coordenador ataca analistas<\/strong><\/p>\n<p>Na an\u00e1lise da Anajus, o of\u00edcio \u00e0 ministra C\u00e1rmen L\u00facia foi assinado por J\u00falio Brito, da coordena\u00e7\u00e3o geral da Fenajufe, &#8220;que tem produzido artigos em forte ataque \u00e0 categoria dos\u00a045 mil analistas do setor&#8221;.<\/p>\n<p>Em um dos artigos, Brito, que tem curso superior, afirma que a troca dos analistas de n\u00edvel superior por t\u00e9cnicos de n\u00edvel m\u00e9dio deve ser adotada no Judici\u00e1rio por representar uma economia aos cofres p\u00fablicos em tempos de crise, refor\u00e7a a Anajus.<\/p>\n<p>Brito manifestou sua posi\u00e7\u00e3o em artigo publicado no site da entidade\u00a0\u2013\u00a0<a href=\"http:\/\/www.fenajufe.org.br\/index.php\/imprensa\/artigos\/4961-uma-solucao-para-o-poder-judiciario-da-uniao\" target=\"_blank\">\u201cUma solu\u00e7\u00e3o para o Poder Judici\u00e1rio da Uni\u00e3o\u201d<\/a>. Nele\u00a0apoia o projeto NS (N\u00edvel Superior), recomendando a abertura de mais vagas para t\u00e9cnicos em substitui\u00e7\u00e3o \u00e0s dos analistas.<\/p>\n<p>\u201cConfiguraria atitude il\u00f3gica dos gestores do PJU [Poder Judici\u00e1rio da Uni\u00e3o] n\u00e3o valorizar os t\u00e9cnicos e desprezar m\u00e3o de obra extremamente qualificada, j\u00e1 treinada para o exerc\u00edcio das atribui\u00e7\u00f5es e mais barata para os cofres p\u00fablicos\u201d, afirmou Brito.<\/p>\n<p><strong>\u2018Trem\u2019 do rombo nas contas p\u00fablicas<br \/>\n<\/strong><\/p>\n<p>O custo dos 85 mil t\u00e9cnicos de n\u00edvel m\u00e9dio do Judici\u00e1rio Federal\u00a0 pode aumentar em 65% por ano com despesas de mais R$ 4,5 bilh\u00f5es e pode chegar at\u00e9 R$ 6,9 bilh\u00f5es no topo da carreira, com a equipara\u00e7\u00e3o dos vencimentos deles aos dos analistas de n\u00edvel superior, nos c\u00e1lculos da Anajus. Tudo isso sem que nenhum t\u00e9cnico preste concurso p\u00fablico para ter ascens\u00e3o de n\u00edvel.<\/p>\n<p>A Anajus e o Sinajus (Sindicato Nacional dos Analistas do Poder Judici\u00e1rio e do Minist\u00e9rio P\u00fablico da Uni\u00e3o) calculam que, se aprovado o \u201ctrem-bala da alegria\u201d, o impacto financeiro mensal seria de pelo menos R$ 347.265.650,00. Ou R$ 4,5 bilh\u00f5es por ano, o que daria para construir 30 mil casas populares do programa Minha Casa, Minha Vida.<\/p>\n<p>Esse valor corresponde a quase o super\u00e1vit prim\u00e1rio de R$ 4,4578 bilh\u00f5es, receitas menos despesas, sem considerar os gastos com juros, alcan\u00e7ado pelo setor p\u00fablico em outubro de 2017, primeiro resultado positivo em cinco anos, previram os analistas.<\/p>\n<p>O of\u00edcio da Fenajufe enviado \u00e0 presidente pode ser acessado\u00a0<a href=\"http:\/\/www.fenajufe.org.br\/images\/OfSTF7mar2018.jpg\" target=\"_blank\">AQUI<\/a>.<\/p>\n","protected":false},"excerpt":{"rendered":"<p>O objetivo da entidade \u00e9 elevar para superior a escolaridade de 80 mil t\u00e9cnicos judici\u00e1rios de n\u00edvel m\u00e9dio, sem concurso p\u00fablico, afirma a Associa\u00e7\u00e3o Nacional dos Analistas do Judici\u00e1rio e do Minist\u00e9rio P\u00fablico da Uni\u00e3o (Anajus). T\u00e9cnicos judici\u00e1rios pretendem ocupar a Pra\u00e7a dos Tr\u00eas Poderes com manifesta\u00e7\u00f5es em frente ao pr\u00e9dio do STF para pressionar os ministros a uma decis\u00e3o [&hellip;]<\/p>\n","protected":false},"author":27,"featured_media":0,"comment_status":"open","ping_status":"closed","sticky":false,"template":"","format":"standard","meta":{"footnotes":""},"categories":[2719],"tags":[3921,1740,381,1497,9956,192,188,881,93,1679,10773,235,1211,1371,3380,5373,1551,1169,833,1102,1734,33,7907,309,2385,10652,241,592,18,34,11593,11591,11590,11592],"class_list":["post-8446","post","type-post","status-publish","format-standard","hentry","category-servidor","tag-alegria","tag-anajus","tag-analistas","tag-aprovacao","tag-ascensao","tag-audiencia","tag-carreira","tag-compromisso","tag-concurso","tag-constitucional","tag-contas-publicas","tag-despesas","tag-elevar","tag-equiparacao","tag-escolaridade","tag-fenajufe","tag-financeiro","tag-gastos","tag-impacto","tag-juros","tag-manifestacoes","tag-ministros","tag-nivel-medio","tag-nivel-superior","tag-pressionar","tag-projeto-ns","tag-publico","tag-rombo","tag-salarial","tag-stf","tag-superavit-primario","tag-tecnicos-judiciarios","tag-tem-bala","tag-tribunais-superiores"],"_links":{"self":[{"href":"https:\/\/blogs.correiobraziliense.com.br\/servidor\/wp-json\/wp\/v2\/posts\/8446","targetHints":{"allow":["GET"]}}],"collection":[{"href":"https:\/\/blogs.correiobraziliense.com.br\/servidor\/wp-json\/wp\/v2\/posts"}],"about":[{"href":"https:\/\/blogs.correiobraziliense.com.br\/servidor\/wp-json\/wp\/v2\/types\/post"}],"author":[{"embeddable":true,"href":"https:\/\/blogs.correiobraziliense.com.br\/servidor\/wp-json\/wp\/v2\/users\/27"}],"replies":[{"embeddable":true,"href":"https:\/\/blogs.correiobraziliense.com.br\/servidor\/wp-json\/wp\/v2\/comments?post=8446"}],"version-history":[{"count":1,"href":"https:\/\/blogs.correiobraziliense.com.br\/servidor\/wp-json\/wp\/v2\/posts\/8446\/revisions"}],"predecessor-version":[{"id":8447,"href":"https:\/\/blogs.correiobraziliense.com.br\/servidor\/wp-json\/wp\/v2\/posts\/8446\/revisions\/8447"}],"wp:attachment":[{"href":"https:\/\/blogs.correiobraziliense.com.br\/servidor\/wp-json\/wp\/v2\/media?parent=8446"}],"wp:term":[{"taxonomy":"category","embeddable":true,"href":"https:\/\/blogs.correiobraziliense.com.br\/servidor\/wp-json\/wp\/v2\/categories?post=8446"},{"taxonomy":"post_tag","embeddable":true,"href":"https:\/\/blogs.correiobraziliense.com.br\/servidor\/wp-json\/wp\/v2\/tags?post=8446"}],"curies":[{"name":"wp","href":"https:\/\/api.w.org\/{rel}","templated":true}]}}