{"id":8444,"date":"2018-03-09T14:37:33","date_gmt":"2018-03-09T17:37:33","guid":{"rendered":"https:\/\/blogs.correiobraziliense.com.br\/servidor\/?p=8444"},"modified":"2018-03-09T14:37:33","modified_gmt":"2018-03-09T17:37:33","slug":"fenajufe-solicita-audiencia-prometida-por-carmen-lucia-em-reuniao-no-final-de-2017","status":"publish","type":"post","link":"https:\/\/blogs.correiobraziliense.com.br\/servidor\/fenajufe-solicita-audiencia-prometida-por-carmen-lucia-em-reuniao-no-final-de-2017\/","title":{"rendered":"Fenajufe solicita audi\u00eancia prometida por Carmen L\u00facia em reuni\u00e3o no final de 2017"},"content":{"rendered":"<p><em>Ante a in\u00e9rcia em cumprir o compromisso assumido em audi\u00eancia com a dire\u00e7\u00e3o executiva da Federa\u00e7\u00e3o Nacional dos Trabalhadores do Judici\u00e1rio Federal e Minist\u00e9rio P\u00fablico da Uni\u00e3o (Fenajufe), em 19 de dezembro de 2017, a Federa\u00e7\u00e3o enviou of\u00edcio \u00e0 presidente do Supremo Tribunal federal (STF), Ministra C\u00e1rmen L\u00facia, solicitando a realiza\u00e7\u00e3o de reuni\u00e3o o mais r\u00e1pido poss\u00edvel.<\/em><\/p>\n<p>Por meio de nota em seu site, a Fenajufe informa que o &#8220;objetivo pretendido\u00a0 \u00e9 tratar da pauta de reivindica\u00e7\u00f5es entregue \u00e0 ministra em dezembro, especialmente a altera\u00e7\u00e3o do n\u00edvel de escolaridade para ingresso no cargo de T\u00e9cnico Judici\u00e1rio&#8221;.<\/p>\n<p>&#8220;Vale lembrar que ao final da reuni\u00e3o em 19 de dezembro do ano passado, C\u00e1rmen L\u00facia comprometeu-se a examinar os pedidos ainda durante o recesso . \u00c0 \u00e9poca ela informou que ap\u00f3s debater os temas com os Presidentes dos Tribunais Superiores, nova reuni\u00e3o com a Fenajufe seria organizada para informar os encaminhamentos referentes \u00e0s demandas apresentadas&#8221;, ressalta.<\/p>\n<p>O of\u00edcio pode ser acessado <a href=\"http:\/\/www.fenajufe.org.br\/images\/OfSTF7mar2018.jpg\">AQUI<\/a>.<\/p>\n","protected":false},"excerpt":{"rendered":"<p>Ante a in\u00e9rcia em cumprir o compromisso assumido em audi\u00eancia com a dire\u00e7\u00e3o executiva da Federa\u00e7\u00e3o Nacional dos Trabalhadores do Judici\u00e1rio Federal e Minist\u00e9rio P\u00fablico da Uni\u00e3o (Fenajufe), em 19 de dezembro de 2017, a Federa\u00e7\u00e3o enviou of\u00edcio \u00e0 presidente do Supremo Tribunal federal (STF), Ministra C\u00e1rmen L\u00facia, solicitando a realiza\u00e7\u00e3o de reuni\u00e3o o mais r\u00e1pido poss\u00edvel. Por meio de [&hellip;]<\/p>\n","protected":false},"author":27,"featured_media":0,"comment_status":"open","ping_status":"closed","sticky":false,"template":"","format":"standard","meta":{"footnotes":""},"categories":[2719],"tags":[970,192,300,4182,3380,5373,1795,17,689,34,1742],"class_list":["post-8444","post","type-post","status-publish","format-standard","hentry","category-servidor","tag-alteracao","tag-audiencia","tag-cargo","tag-carmen-lucia","tag-escolaridade","tag-fenajufe","tag-nivel","tag-pauta","tag-reivindicacoes","tag-stf","tag-tecnico-judiciario"],"_links":{"self":[{"href":"https:\/\/blogs.correiobraziliense.com.br\/servidor\/wp-json\/wp\/v2\/posts\/8444","targetHints":{"allow":["GET"]}}],"collection":[{"href":"https:\/\/blogs.correiobraziliense.com.br\/servidor\/wp-json\/wp\/v2\/posts"}],"about":[{"href":"https:\/\/blogs.correiobraziliense.com.br\/servidor\/wp-json\/wp\/v2\/types\/post"}],"author":[{"embeddable":true,"href":"https:\/\/blogs.correiobraziliense.com.br\/servidor\/wp-json\/wp\/v2\/users\/27"}],"replies":[{"embeddable":true,"href":"https:\/\/blogs.correiobraziliense.com.br\/servidor\/wp-json\/wp\/v2\/comments?post=8444"}],"version-history":[{"count":1,"href":"https:\/\/blogs.correiobraziliense.com.br\/servidor\/wp-json\/wp\/v2\/posts\/8444\/revisions"}],"predecessor-version":[{"id":8445,"href":"https:\/\/blogs.correiobraziliense.com.br\/servidor\/wp-json\/wp\/v2\/posts\/8444\/revisions\/8445"}],"wp:attachment":[{"href":"https:\/\/blogs.correiobraziliense.com.br\/servidor\/wp-json\/wp\/v2\/media?parent=8444"}],"wp:term":[{"taxonomy":"category","embeddable":true,"href":"https:\/\/blogs.correiobraziliense.com.br\/servidor\/wp-json\/wp\/v2\/categories?post=8444"},{"taxonomy":"post_tag","embeddable":true,"href":"https:\/\/blogs.correiobraziliense.com.br\/servidor\/wp-json\/wp\/v2\/tags?post=8444"}],"curies":[{"name":"wp","href":"https:\/\/api.w.org\/{rel}","templated":true}]}}