{"id":8442,"date":"2018-03-09T12:32:41","date_gmt":"2018-03-09T15:32:41","guid":{"rendered":"https:\/\/blogs.correiobraziliense.com.br\/servidor\/?p=8442"},"modified":"2018-03-09T12:32:41","modified_gmt":"2018-03-09T15:32:41","slug":"seguridade-deficit-de-r-2924-bilhoes","status":"publish","type":"post","link":"https:\/\/blogs.correiobraziliense.com.br\/servidor\/seguridade-deficit-de-r-2924-bilhoes\/","title":{"rendered":"Seguridade: d\u00e9ficit de R$ 292,4 bilh\u00f5es"},"content":{"rendered":"<p><em>Apesar da situa\u00e7\u00e3o dram\u00e1tica das contas, a expans\u00e3o do deficit da seguridade social em 2017 foi menor que a verificada em 2016, quando a alta havia sido de 55% em rela\u00e7\u00e3o ao ano anterior<\/em><\/p>\n<p><strong><em>HAMILTON FERRARI<\/em><\/strong><\/p>\n<p><em>ESPECIAL PARA O <strong>CORREIO<\/strong><\/em><\/p>\n<p>A melhora da economia n\u00e3o foi suficiente para evitar o aumento do rombo no sistema de seguridade social, que cresceu 13% em 2017 e chegou ao maior n\u00edvel da hist\u00f3ria, segundo dados do Minist\u00e9rio do Planejamento. O deficit nas \u00e1reas de Previd\u00eancia, sa\u00fade e assist\u00eancia social alcan\u00e7ou R$ 292,4 bilh\u00f5es no ano passado, o equivalente a 4,4% do Produto Interno Bruto (PIB). A expans\u00e3o da atividade econ\u00f4mica em 2017 favoreceu os ganhos do governo federal, mas os gastos com benef\u00edcios previdenci\u00e1rios sobem cada vez mais.<\/p>\n<p>Em 2017, as receitas do sistema cresceram 7,3% e chegaram a R$ 657,9 bilh\u00f5es, mas as despesas alcan\u00e7aram R$ 950,3 bilh\u00f5es, com alta de 9%. Desde 2012 o rombo no sistema de seguridade social aumentou 284%. \u201cO que tem pesado mais nesse resultado s\u00e3o as despesas com os benef\u00edcios da Previd\u00eancia\u201d, explicou o secret\u00e1rio de Or\u00e7amento Federal do Minist\u00e9rio do Planejamento, George Soares.<\/p>\n<p>Nos \u00faltimos cinco anos, os gastos previdenci\u00e1rios subiram 44%, alcan\u00e7ando R$ 797,8 bilh\u00f5es em 2017. Entre 2000 e 2017, essas despesas aumentaram em oito pontos percentuais do PIB. De acordo com o Planejamento, isso afetou os gastos com sa\u00fade, por exemplo, que perderam espa\u00e7o no or\u00e7amento federal.<\/p>\n<p>Apesar da situa\u00e7\u00e3o dram\u00e1tica das contas, a expans\u00e3o do deficit da seguridade social em 2017 foi menor que a verificada em 2016, quando a alta havia sido de 55% em rela\u00e7\u00e3o ao ano anterior. Para Soares, isso foi reflexo da melhora da economia, que possibilitou maior arrecada\u00e7\u00e3o do governo federal.<\/p>\n<p>Al\u00e9m dos gastos previdenci\u00e1rios, tamb\u00e9m s\u00e3o contabilizados na seguridade o pagamento de servidores destas \u00e1reas, os benef\u00edcios de presta\u00e7\u00e3o continuada (BPC), abonos, seguro-desemprego, bolsa fam\u00edlia, e despesas de custeio e investimento na de sa\u00fade, entre outros.<\/p>\n","protected":false},"excerpt":{"rendered":"<p>Apesar da situa\u00e7\u00e3o dram\u00e1tica das contas, a expans\u00e3o do deficit da seguridade social em 2017 foi menor que a verificada em 2016, quando a alta havia sido de 55% em rela\u00e7\u00e3o ao ano anterior HAMILTON FERRARI ESPECIAL PARA O CORREIO A melhora da economia n\u00e3o foi suficiente para evitar o aumento do rombo no sistema de seguridade social, que cresceu [&hellip;]<\/p>\n","protected":false},"author":27,"featured_media":0,"comment_status":"open","ping_status":"closed","sticky":false,"template":"","format":"standard","meta":{"footnotes":""},"categories":[2719],"tags":[11589,3454,852,709,2278,236,411,235,11588,88,334,1169,98,217,141,3162,1804,4553,616,4634,1140,58,961,546,2103],"class_list":["post-8442","post","type-post","status-publish","format-standard","hentry","category-servidor","tag-abonos","tag-atividade","tag-beneficios","tag-bolsa-familia","tag-contas","tag-custeio","tag-deficit","tag-despesas","tag-dramatica","tag-economia","tag-expansao","tag-gastos","tag-governo","tag-investimento","tag-ministerio-do-planejamento","tag-pc","tag-pib","tag-previdenciarios","tag-saude","tag-seguridade","tag-seguro-desemprego","tag-servidores","tag-sistema","tag-situacao","tag-social"],"_links":{"self":[{"href":"https:\/\/blogs.correiobraziliense.com.br\/servidor\/wp-json\/wp\/v2\/posts\/8442","targetHints":{"allow":["GET"]}}],"collection":[{"href":"https:\/\/blogs.correiobraziliense.com.br\/servidor\/wp-json\/wp\/v2\/posts"}],"about":[{"href":"https:\/\/blogs.correiobraziliense.com.br\/servidor\/wp-json\/wp\/v2\/types\/post"}],"author":[{"embeddable":true,"href":"https:\/\/blogs.correiobraziliense.com.br\/servidor\/wp-json\/wp\/v2\/users\/27"}],"replies":[{"embeddable":true,"href":"https:\/\/blogs.correiobraziliense.com.br\/servidor\/wp-json\/wp\/v2\/comments?post=8442"}],"version-history":[{"count":1,"href":"https:\/\/blogs.correiobraziliense.com.br\/servidor\/wp-json\/wp\/v2\/posts\/8442\/revisions"}],"predecessor-version":[{"id":8443,"href":"https:\/\/blogs.correiobraziliense.com.br\/servidor\/wp-json\/wp\/v2\/posts\/8442\/revisions\/8443"}],"wp:attachment":[{"href":"https:\/\/blogs.correiobraziliense.com.br\/servidor\/wp-json\/wp\/v2\/media?parent=8442"}],"wp:term":[{"taxonomy":"category","embeddable":true,"href":"https:\/\/blogs.correiobraziliense.com.br\/servidor\/wp-json\/wp\/v2\/categories?post=8442"},{"taxonomy":"post_tag","embeddable":true,"href":"https:\/\/blogs.correiobraziliense.com.br\/servidor\/wp-json\/wp\/v2\/tags?post=8442"}],"curies":[{"name":"wp","href":"https:\/\/api.w.org\/{rel}","templated":true}]}}