{"id":8430,"date":"2018-03-08T15:50:33","date_gmt":"2018-03-08T18:50:33","guid":{"rendered":"https:\/\/blogs.correiobraziliense.com.br\/servidor\/?p=8430"},"modified":"2018-03-08T17:25:59","modified_gmt":"2018-03-08T20:25:59","slug":"futuro-do-servidor-dependera-de-analise-caso-caso-e-mudanca-de-cultura","status":"publish","type":"post","link":"https:\/\/blogs.correiobraziliense.com.br\/servidor\/futuro-do-servidor-dependera-de-analise-caso-caso-e-mudanca-de-cultura\/","title":{"rendered":"Futuro do servidor depender\u00e1 de an\u00e1lise caso a caso e mudan\u00e7a de cultura"},"content":{"rendered":"<p><em>Veja o bate-papo com a especialista em direito trabalhista e previdenci\u00e1rio Thais Riedel. Segundo ela, a decis\u00e3o sobre se vale \u00e0 pena aderir ou n\u00e3o ao Funpresp dever\u00e1 estar baseada na situa\u00e7\u00e3o individual do servidor. Em comemora\u00e7\u00e3o ao Dia Internacional da Mulher, ela explica tamb\u00e9m porqu\u00ea ainda n\u00e3o \u00e9 adequado igualar a idade m\u00ednima para a aposentadoria entre homens e mulheres que j\u00e1 est\u00e3o no mercado de trabalho<\/em><\/p>\n<p>Veja o debate:<br \/>\n<iframe loading=\"lazy\" src=\"https:\/\/www.facebook.com\/plugins\/video.php?href=https%3A%2F%2Fwww.facebook.com%2Fcorreiobraziliense%2Fvideos%2F1779038085475847%2F&#038;show_text=1&#038;width=560\" width=\"560\" height=\"426\" style=\"border:none;overflow:hidden\" scrolling=\"no\" frameborder=\"0\" allowTransparency=\"true\" allowFullScreen=\"true\"><\/iframe><\/p>\n","protected":false},"excerpt":{"rendered":"<p>Veja o bate-papo com a especialista em direito trabalhista e previdenci\u00e1rio Thais Riedel. Segundo ela, a decis\u00e3o sobre se vale \u00e0 pena aderir ou n\u00e3o ao Funpresp dever\u00e1 estar baseada na situa\u00e7\u00e3o individual do servidor. Em comemora\u00e7\u00e3o ao Dia Internacional da Mulher, ela explica tamb\u00e9m porqu\u00ea ainda n\u00e3o \u00e9 adequado igualar a idade m\u00ednima para a aposentadoria entre homens e [&hellip;]<\/p>\n","protected":false},"author":27,"featured_media":0,"comment_status":"open","ping_status":"closed","sticky":false,"template":"","format":"standard","meta":{"footnotes":""},"categories":[2719],"tags":[6,1928,1200,2246,489,91,1263,8,261],"class_list":["post-8430","post","type-post","status-publish","format-standard","hentry","category-servidor","tag-aposentadoria","tag-cultura","tag-futuro","tag-homens","tag-mercado","tag-mudanca","tag-mulheres","tag-servidor","tag-trabalho"],"_links":{"self":[{"href":"https:\/\/blogs.correiobraziliense.com.br\/servidor\/wp-json\/wp\/v2\/posts\/8430","targetHints":{"allow":["GET"]}}],"collection":[{"href":"https:\/\/blogs.correiobraziliense.com.br\/servidor\/wp-json\/wp\/v2\/posts"}],"about":[{"href":"https:\/\/blogs.correiobraziliense.com.br\/servidor\/wp-json\/wp\/v2\/types\/post"}],"author":[{"embeddable":true,"href":"https:\/\/blogs.correiobraziliense.com.br\/servidor\/wp-json\/wp\/v2\/users\/27"}],"replies":[{"embeddable":true,"href":"https:\/\/blogs.correiobraziliense.com.br\/servidor\/wp-json\/wp\/v2\/comments?post=8430"}],"version-history":[{"count":7,"href":"https:\/\/blogs.correiobraziliense.com.br\/servidor\/wp-json\/wp\/v2\/posts\/8430\/revisions"}],"predecessor-version":[{"id":8441,"href":"https:\/\/blogs.correiobraziliense.com.br\/servidor\/wp-json\/wp\/v2\/posts\/8430\/revisions\/8441"}],"wp:attachment":[{"href":"https:\/\/blogs.correiobraziliense.com.br\/servidor\/wp-json\/wp\/v2\/media?parent=8430"}],"wp:term":[{"taxonomy":"category","embeddable":true,"href":"https:\/\/blogs.correiobraziliense.com.br\/servidor\/wp-json\/wp\/v2\/categories?post=8430"},{"taxonomy":"post_tag","embeddable":true,"href":"https:\/\/blogs.correiobraziliense.com.br\/servidor\/wp-json\/wp\/v2\/tags?post=8430"}],"curies":[{"name":"wp","href":"https:\/\/api.w.org\/{rel}","templated":true}]}}