{"id":8416,"date":"2018-03-07T19:25:38","date_gmt":"2018-03-07T22:25:38","guid":{"rendered":"https:\/\/blogs.correiobraziliense.com.br\/servidor\/?p=8416"},"modified":"2018-03-07T19:25:38","modified_gmt":"2018-03-07T22:25:38","slug":"com-reducao-do-fies-ensino-superior-atinge-indices-de-ociosidade-acima-de-50-e-busca-alternativas-para-atrair-alunos","status":"publish","type":"post","link":"https:\/\/blogs.correiobraziliense.com.br\/servidor\/com-reducao-do-fies-ensino-superior-atinge-indices-de-ociosidade-acima-de-50-e-busca-alternativas-para-atrair-alunos\/","title":{"rendered":"Com redu\u00e7\u00e3o do Fies, ensino superior atinge \u00edndices de ociosidade acima de 50% e busca alternativas para atrair alunos"},"content":{"rendered":"<p><i>S\u00e3o Paulo e Rio<span id=\"OBJ_PREFIX_DWT1479_com_zimbra_date\" class=\"Object\"> de Janeiro<\/span> s\u00e3o os estados com maior n\u00famero de vagas n\u00e3o preenchidas<\/i><\/p>\n<div>\n<div>\n<p>A fim de avaliar os impactos do corte de vagas no Fundo de Financiamento Estudantil (Fies) nos \u00faltimos anos, a \u00e1rea de Intelig\u00eancia de Neg\u00f3cios do <span id=\"OBJ_PREFIX_DWT1480_com_zimbra_url\" class=\"Object\"><span id=\"OBJ_PREFIX_DWT1502_com_zimbra_url\" class=\"Object\"><a href=\"http:\/\/www.querobolsa.com.br\/\" target=\"_blank\">Quero Bolsa<\/a><\/span><\/span> se debru\u00e7ou sobre os dados coletados pelos \u00faltimos Censos da Educa\u00e7\u00e3o Superior para verificar o cen\u00e1rio de capta\u00e7\u00e3o de alunos nas mais de 2 mil institui\u00e7\u00f5es de ensino do Pa\u00eds. O resultado mostra que entre o auge do programa do Governo Federal (em 2014) e o \u00faltimo dado dispon\u00edvel (em 2016), o n\u00famero m\u00e9dio de ociosidade nos cursos superiores aumentou mais de 12%, passando de 40,7% para 52,9% das vagas.<\/p>\n<p><img decoding=\"async\" id=\"img_imagem_release_1219760\" src=\"http:\/\/imagens.pressmanager.net\/images\/assessorias\/336\/2018\/03\/07\/imagem_release_1219760_medium.jpg\" alt=\"\" \/><\/p>\n<p>De acordo com Pedro Balerine, diretor do Departamento de Intelig\u00eancia de Mercado do Quero Bolsa, o aumento da ociosidade mostra que a pol\u00edtica governamental agressiva &#8211; baseada no financiamento estudantil (FIES) &#8211; com o objetivo de estimular o ingresso de brasileiros no ensino superior, definitivamente, est\u00e1 encerrada. \u201cA oferta de cursos e vagas na rede privada cresceu para atender a uma demanda inflada por um modelo agressivo e insustent\u00e1vel. J\u00e1 notamos que, desde a redu\u00e7\u00e3o do FIES, a maioria das institui\u00e7\u00f5es est\u00e1 promovendo readequa\u00e7\u00f5es internas para trazer novamente a taxa de ociosidade a n\u00edveis mais saud\u00e1veis\u201d, afirma.<\/p>\n<p><img decoding=\"async\" id=\"img_imagem_release_1219762\" src=\"http:\/\/imagens.pressmanager.net\/images\/assessorias\/336\/2018\/03\/07\/imagem_release_1219762_medium.jpg\" alt=\"\" \/><\/p>\n<p>Diante deste cen\u00e1rio de cortes dr\u00e1sticos na oferta de financiamento p\u00fablico (em 2018 ser\u00e3o concedidos 310 mil contratos do Fies, menos da metade de 2014), a maioria das institui\u00e7\u00f5es de ensino superior busca alternativas para atrair alunos, tais como a oferta de bolsas de oportunidade em parceria com o Quero Bolsa.<\/p>\n<p>Os descontos das bolsas chegam a at\u00e9 70%, beneficiando mais de 200 mil alunos nos \u00faltimos cinco anos. Para as institui\u00e7\u00f5es de ensino, \u00e9 uma excelente forma de preencher boa parcela das vagas dispon\u00edveis. O Quero Bolsa tem a expectativa de matricular mais 1 milh\u00e3o de estudantes at\u00e9 2022, contribuindo para as metas do Plano Nacional de Educa\u00e7\u00e3o (PNE).<\/p>\n<p><strong>Ociosidade por curso<\/strong><\/p>\n<p>Chamou tamb\u00e9m a aten\u00e7\u00e3o do n\u00facleo de intelig\u00eancia de mercado do Quero Bolsa a baix\u00edssima procura pelo curso Petr\u00f3leo e G\u00e1s, com atualmente 96% de ociosidade, seguido de outro curso da \u00e1rea, Engenharia de Petr\u00f3leo, com 85,8% de vagas n\u00e3o preenchidas. Segundo Pedro Balerine, o desinteresse dos estudantes por essas gradua\u00e7\u00f5es foi intensificado pela crise vivenciada no setor petrol\u00edfero desde 2014, que afetou principalmente a Petrobras e Grupo OGX, dois dos principais <em>players<\/em> deste mercado.<\/p>\n<p>A lista dos dez cursos com maior ociosidade de vagas inclui tamb\u00e9m Seguran\u00e7a no Trabalho, Engenharia de Produ\u00e7\u00e3o, Gest\u00e3o Hospitalar, Gest\u00e3o da Qualidade, Turismo, Marketing, Gest\u00e3o Financeira e Gest\u00e3o Ambiental.<\/p>\n<p><img decoding=\"async\" id=\"img_imagem_release_1219763\" src=\"http:\/\/imagens.pressmanager.net\/images\/assessorias\/336\/2018\/03\/07\/imagem_release_1219763_medium.jpg\" alt=\"\" \/><\/p>\n<p>Por outro lado, devido a alta regula\u00e7\u00e3o e restri\u00e7\u00f5es a abertura de cursos, a ociosidade em Medicina \u00e9 de longe a mais baixa, apesar do seu alto custo. Tanto na rede p\u00fablica quanto na rede privada, a ociosidade gira em torno de de 2%. O curso de Direito, mais procurado por estudantes e com maior oferta de vagas no pa\u00eds, tamb\u00e9m possui ociosidade dentro de padr\u00f5es aceit\u00e1veis com apenas 16% de vagas excedentes. Ao lado destes cursos est\u00e3o Odontologia (tamb\u00e9m na \u00e1rea de sa\u00fade), Estat\u00edstica, F\u00edsica (ofertados predominantemente por institui\u00e7\u00f5es p\u00fablicas) e cursos voltados para forma\u00e7\u00e3o de profissionais no setor do Agroneg\u00f3cio.<\/p>\n<p><img decoding=\"async\" id=\"img_imagem_release_1219765\" src=\"http:\/\/imagens.pressmanager.net\/images\/assessorias\/336\/2018\/03\/07\/imagem_release_1219765_medium.jpg\" alt=\"\" \/><\/p>\n<p><strong>Demanda por estado<\/strong><\/p>\n<p>Regionalmente, a ociosidade \u00e9 maior no Rio<span id=\"OBJ_PREFIX_DWT1481_com_zimbra_date\" class=\"Object\"> de Janeiro<\/span> (57,8%) e em S\u00e3o Paulo (57,3%), locais que concentram as maiores quantidades de alunos e cursos. Bahia, Par\u00e1, Amazonas, Pernambuco, Goi\u00e1s, Paran\u00e1, Rio Grande do Sul, Minas Gerais, Esp\u00edrito Santo, al\u00e9m do Distrito Federal, tamb\u00e9m t\u00eam ociosidade superior a 50%. Apenas Roraima, Acre e Amap\u00e1 apresentam equil\u00edbrio maior entre oferta e demanda.<\/p>\n<p><img decoding=\"async\" id=\"img_imagem_release_1219767\" src=\"http:\/\/imagens.pressmanager.net\/images\/assessorias\/336\/2018\/03\/07\/imagem_release_1219767_medium.jpg\" alt=\"\" \/><\/p>\n<p><strong>Sobre o Quero Bolsa<\/strong><\/p>\n<p>O Quero Bolsa (<span id=\"OBJ_PREFIX_DWT1482_com_zimbra_url\" class=\"Object\"><span id=\"OBJ_PREFIX_DWT1503_com_zimbra_url\" class=\"Object\"><a href=\"http:\/\/www.querobolsa.com.br\/\" target=\"_blank\">www.querobolsa.com.br<\/a><\/span><\/span>) \u00e9 um site que ajuda estudantes a escolher e ingressar no Ensino Superior com bolsas de estudos de at\u00e9 75% em cursos de gradua\u00e7\u00e3o, p\u00f3s-gradua\u00e7\u00e3o, al\u00e9m de profissionalizantes e t\u00e9cnicos, em mais de 1.200 institui\u00e7\u00f5es de ensino parceiras no Pa\u00eds. A plataforma tamb\u00e9m re\u00fane informa\u00e7\u00f5es de faculdades, cursos e comparativo de pre\u00e7os, at\u00e9 dicas de estudo e carreiras. Al\u00e9m do site, o servi\u00e7o conta com aplicativo m\u00f3vel dispon\u00edvel nos sistemas\u00a0<span id=\"OBJ_PREFIX_DWT1483_com_zimbra_url\" class=\"Object\"><span id=\"OBJ_PREFIX_DWT1504_com_zimbra_url\" class=\"Object\"><a href=\"https:\/\/play.google.com\/store\/apps\/details?id=com.redealumni.appquerobolsa\" target=\"_blank\">Android<\/a><\/span><\/span> e\u00a0<span id=\"OBJ_PREFIX_DWT1484_com_zimbra_url\" class=\"Object\"><span id=\"OBJ_PREFIX_DWT1505_com_zimbra_url\" class=\"Object\"><a href=\"https:\/\/itunes.apple.com\/br\/app\/quero-bolsa\/id1264248409?mt=8\" target=\"_blank\">iOS<\/a><\/span><\/span>. Em 2017, o Quero Bolsa recebeu o t\u00edtulo de \u201cEquipe Campe\u00e3 de Atendimento\u201d no pr\u00eamio \u00c9poca Reclame Aqui.<\/p>\n<\/div>\n<\/div>\n","protected":false},"excerpt":{"rendered":"<p>S\u00e3o Paulo e Rio de Janeiro s\u00e3o os estados com maior n\u00famero de vagas n\u00e3o preenchidas A fim de avaliar os impactos do corte de vagas no Fundo de Financiamento Estudantil (Fies) nos \u00faltimos anos, a \u00e1rea de Intelig\u00eancia de Neg\u00f3cios do Quero Bolsa se debru\u00e7ou sobre os dados coletados pelos \u00faltimos Censos da Educa\u00e7\u00e3o Superior para verificar o cen\u00e1rio [&hellip;]<\/p>\n","protected":false},"author":27,"featured_media":0,"comment_status":"open","ping_status":"closed","sticky":false,"template":"","format":"standard","meta":{"footnotes":""},"categories":[2719],"tags":[2100,1442,8399,5432,258,1549,11553,1296,4707,1522,833,3654,11554,1416,11552,216,9920,1295,1781,325,2304,4007,703],"class_list":["post-8416","post","type-post","status-publish","format-standard","hentry","category-servidor","tag-alternativas","tag-alunos","tag-captacao","tag-censo","tag-corte","tag-demanda","tag-educacao-superior","tag-ensino","tag-fies","tag-governo-federal","tag-impacto","tag-indices","tag-inflada","tag-instituicoes","tag-ociosidade","tag-oferta","tag-preenchidas","tag-privada","tag-rede","tag-reducao","tag-superior","tag-taxa","tag-vagas"],"_links":{"self":[{"href":"https:\/\/blogs.correiobraziliense.com.br\/servidor\/wp-json\/wp\/v2\/posts\/8416","targetHints":{"allow":["GET"]}}],"collection":[{"href":"https:\/\/blogs.correiobraziliense.com.br\/servidor\/wp-json\/wp\/v2\/posts"}],"about":[{"href":"https:\/\/blogs.correiobraziliense.com.br\/servidor\/wp-json\/wp\/v2\/types\/post"}],"author":[{"embeddable":true,"href":"https:\/\/blogs.correiobraziliense.com.br\/servidor\/wp-json\/wp\/v2\/users\/27"}],"replies":[{"embeddable":true,"href":"https:\/\/blogs.correiobraziliense.com.br\/servidor\/wp-json\/wp\/v2\/comments?post=8416"}],"version-history":[{"count":1,"href":"https:\/\/blogs.correiobraziliense.com.br\/servidor\/wp-json\/wp\/v2\/posts\/8416\/revisions"}],"predecessor-version":[{"id":8417,"href":"https:\/\/blogs.correiobraziliense.com.br\/servidor\/wp-json\/wp\/v2\/posts\/8416\/revisions\/8417"}],"wp:attachment":[{"href":"https:\/\/blogs.correiobraziliense.com.br\/servidor\/wp-json\/wp\/v2\/media?parent=8416"}],"wp:term":[{"taxonomy":"category","embeddable":true,"href":"https:\/\/blogs.correiobraziliense.com.br\/servidor\/wp-json\/wp\/v2\/categories?post=8416"},{"taxonomy":"post_tag","embeddable":true,"href":"https:\/\/blogs.correiobraziliense.com.br\/servidor\/wp-json\/wp\/v2\/tags?post=8416"}],"curies":[{"name":"wp","href":"https:\/\/api.w.org\/{rel}","templated":true}]}}