{"id":8407,"date":"2018-03-07T14:32:52","date_gmt":"2018-03-07T17:32:52","guid":{"rendered":"https:\/\/blogs.correiobraziliense.com.br\/servidor\/?p=8407"},"modified":"2018-03-07T14:32:52","modified_gmt":"2018-03-07T17:32:52","slug":"deputadas-debatem-participacao-da-bancada-feminina-na-assembleia-nacional-constituinte","status":"publish","type":"post","link":"https:\/\/blogs.correiobraziliense.com.br\/servidor\/deputadas-debatem-participacao-da-bancada-feminina-na-assembleia-nacional-constituinte\/","title":{"rendered":"Deputadas debatem participa\u00e7\u00e3o da bancada feminina na Assembleia Nacional Constituinte"},"content":{"rendered":"<p><em>A chamada \u201cBancada do Batom\u201d\u2013 deputadas federais que atuaram durante a Assembleia Nacional Constituinte \u2013 se re\u00fane daqui a pouco, \u00e0s 15h, no Sal\u00e3o Nobre, para debater a participa\u00e7\u00e3o da bancada feminina no processo de formula\u00e7\u00e3o da nova Constitui\u00e7\u00e3o<\/em><\/p>\n<p>O evento faz parte da programa\u00e7\u00e3o da Secretaria da Mulher da C\u00e2mara dos Deputados e da Procuradoria Especial da Mulher do Senado Federal, por ocasi\u00e3o das comemora\u00e7\u00f5es do Dia Internacional da Mulher e dos 30 anos de promulga\u00e7\u00e3o da Constitui\u00e7\u00e3o de 1988.<\/p>\n<p>O debate ter\u00e1 car\u00e1ter informal, e ser\u00e1 dividido em quatro pain\u00e9is. As TVs C\u00e2mara e Senado transmitir\u00e3o ao vivo o encontro, que tamb\u00e9m ser\u00e1 gravado em \u00e1udio e transformado em livro pelas Edi\u00e7\u00f5es C\u00e2mara. O encerramento est\u00e1 previsto para as 19h.<\/p>\n<p><strong>Bertha Lutz<\/strong><\/p>\n<p>Na manh\u00e3 de hoje, as 26 deputadas que atuaram no processo constituinte receberam o Diploma Bertha Lutz, em sess\u00e3o solene do Congresso Nacional. Entre as homenageadas, est\u00e3o as atuais senadoras L\u00eddice da Mata (PSB-BA), L\u00facia V\u00e2nia (PSB-GO) e Rose de Freitas (PMDB-ES) e a deputada federal Benedita da Silva (PT-RJ).<\/p>\n<p>Tamb\u00e9m receberam o diploma as constituintes Anna Maria Rattes (RJ), Beth Azize (AM), Bete Mendes (SP), Eunice Michiles (AM), Irma Passoni (SP), L\u00facia Braga (PB), Maria de Lourdes Abadia (DF). Maria L\u00facia de Mello Ara\u00fajo (AC), Marluce Pinto (RR), Moema S\u00e3o Thiago (CE), Myriam Portella (PI), Raquel C\u00e2ndido (RO), Raquel Capiberibe (AP), Rita Camata (ES), Sadie Hauache (AM), Sandra Cavalcanti (RJ). E\u00a0<i>in memoriam<\/i>: Abigail Feitosa (BA), Cristina Tavares (PE), Dirce Tutu Quadros (SP), M\u00e1rcia Kubitschek (DF), Rita Furtado (RO); Wilma de Faria (RN).<\/p>\n","protected":false},"excerpt":{"rendered":"<p>A chamada \u201cBancada do Batom\u201d\u2013 deputadas federais que atuaram durante a Assembleia Nacional Constituinte \u2013 se re\u00fane daqui a pouco, \u00e0s 15h, no Sal\u00e3o Nobre, para debater a participa\u00e7\u00e3o da bancada feminina no processo de formula\u00e7\u00e3o da nova Constitui\u00e7\u00e3o O evento faz parte da programa\u00e7\u00e3o da Secretaria da Mulher da C\u00e2mara dos Deputados e da Procuradoria Especial da Mulher do [&hellip;]<\/p>\n","protected":false},"author":27,"featured_media":0,"comment_status":"open","ping_status":"closed","sticky":false,"template":"","format":"standard","meta":{"footnotes":""},"categories":[2719],"tags":[11546,4401,11547,11548,11549,847,1844,5758,5251,2945,11551,11545,6941,1079,11550,1120],"class_list":["post-8407","post","type-post","status-publish","format-standard","hentry","category-servidor","tag-assembleia-nacional-constituinte","tag-bancada","tag-bancada-do-batom","tag-comemoracoes","tag-constituicao-de-1988","tag-debate","tag-debatem","tag-deputadas","tag-dia-internacional-da-mulher","tag-diploma","tag-diploma-bertha-lutz","tag-feminina","tag-informal","tag-livro","tag-paines","tag-participacao"],"_links":{"self":[{"href":"https:\/\/blogs.correiobraziliense.com.br\/servidor\/wp-json\/wp\/v2\/posts\/8407","targetHints":{"allow":["GET"]}}],"collection":[{"href":"https:\/\/blogs.correiobraziliense.com.br\/servidor\/wp-json\/wp\/v2\/posts"}],"about":[{"href":"https:\/\/blogs.correiobraziliense.com.br\/servidor\/wp-json\/wp\/v2\/types\/post"}],"author":[{"embeddable":true,"href":"https:\/\/blogs.correiobraziliense.com.br\/servidor\/wp-json\/wp\/v2\/users\/27"}],"replies":[{"embeddable":true,"href":"https:\/\/blogs.correiobraziliense.com.br\/servidor\/wp-json\/wp\/v2\/comments?post=8407"}],"version-history":[{"count":1,"href":"https:\/\/blogs.correiobraziliense.com.br\/servidor\/wp-json\/wp\/v2\/posts\/8407\/revisions"}],"predecessor-version":[{"id":8408,"href":"https:\/\/blogs.correiobraziliense.com.br\/servidor\/wp-json\/wp\/v2\/posts\/8407\/revisions\/8408"}],"wp:attachment":[{"href":"https:\/\/blogs.correiobraziliense.com.br\/servidor\/wp-json\/wp\/v2\/media?parent=8407"}],"wp:term":[{"taxonomy":"category","embeddable":true,"href":"https:\/\/blogs.correiobraziliense.com.br\/servidor\/wp-json\/wp\/v2\/categories?post=8407"},{"taxonomy":"post_tag","embeddable":true,"href":"https:\/\/blogs.correiobraziliense.com.br\/servidor\/wp-json\/wp\/v2\/tags?post=8407"}],"curies":[{"name":"wp","href":"https:\/\/api.w.org\/{rel}","templated":true}]}}