{"id":8402,"date":"2018-03-07T13:55:27","date_gmt":"2018-03-07T16:55:27","guid":{"rendered":"https:\/\/blogs.correiobraziliense.com.br\/servidor\/?p=8402"},"modified":"2018-03-07T16:28:44","modified_gmt":"2018-03-07T19:28:44","slug":"servidores-da-receita-decreto-de-regulamentacao-do-bonus-de-eficiencia-saiu-do-planejamento-para-casa-civil","status":"publish","type":"post","link":"https:\/\/blogs.correiobraziliense.com.br\/servidor\/servidores-da-receita-decreto-de-regulamentacao-do-bonus-de-eficiencia-saiu-do-planejamento-para-casa-civil\/","title":{"rendered":"Servidores da Receita &#8211; Decreto de regulamenta\u00e7\u00e3o do b\u00f4nus de efici\u00eancia saiu do Planejamento para a Casa Civil?"},"content":{"rendered":"<p><em>Por volta das 16 horas, foi confirmado que a minuta de decreto do b\u00f4nus da Receita foi, enfim, para o Minist\u00e9rio da Fazenda para a assinatura da Exposi\u00e7\u00e3o de Motivos Interministerial. Depois retornar\u00e1 ao Planejamento para finalizar e s\u00f3 a\u00ed poder\u00e1 ser encaminhado para a Casa Civil. O que poder\u00e1 acontecer hoje ou amanh\u00e3 (atualizado \u00e0s 16h27)<\/em><\/p>\n<p><em>Segundo informa\u00e7\u00f5es de fontes ligadas ao Minist\u00e9rio do Planejamento, o decreto com a regulamenta\u00e7\u00e3o do b\u00f4nus de efici\u00eancia para os servidores da Receita Federal seguiu, na noite de ontem, para a Casa Civil da Presid\u00eancia da Rep\u00fablica. O texto da progress\u00e3o das carreiras tamb\u00e9m est\u00e1 l\u00e1, no Sistema de Gera\u00e7\u00e3o e Tramita\u00e7\u00e3o de Documentos Oficiais do Governo Federal (Sidof). A confus\u00e3o continua grande, porque fontes da Fazenda garantem que nada aconteceu, ainda: &#8220;foram boatos dos ansiosos, o decreto ainda est\u00e1 amarrado&#8221;, disseram<br \/>\n<\/em><\/p>\n<p>Agora, quando caminharem. os documentos depender\u00e3o da san\u00e7\u00e3o &#8211; ou veto &#8211; do presidente da Rep\u00fablica, Michel Temer. Apesar dos esfor\u00e7os dos gestores da Receita Federal &#8211; controlada pelos auditores-fiscais &#8211; e do Sindicato Nacional da categoria (Sindifisco), a expectativa n\u00e3o \u00e9 das melhores, de acordo com ambas as fontes. Resta a d\u00favida sobre qual dos seus auxiliares Temer privilegiar\u00e1: vai seguir as orienta\u00e7\u00f5es do ministro da Fazenda, Henrique Meirelles, ou do chefe do Planejamento, Dyogo Oliveira.<\/p>\n<p>A briga pela benesse, que representa um extra de R$ 3 mil a mais nos sal\u00e1rios dos auditores e R$ 1,8 mil nos contracheques dos analistas-tribut\u00e1rios, \u00e9 antiga, dividiu a categoria e fragilizou a luta por temas importantes da conjuntura brasileira como as reformas trabalhista e da Previd\u00eancia. No Fisco, a expectativa era de que o b\u00f4nus fosse vari\u00e1vel. Houve at\u00e9 estimativas de que chegaria a R$ 10 mil mensais, ou mais, para ficar parecido com os honor\u00e1rios de sucumb\u00eancia dos advogados federais.<\/p>\n<p>Por outro lado, em consequ\u00eancia do ajuste fiscal e tendo em vista o pacote restritivo que reduz as remunera\u00e7\u00f5es de acesso e aumenta a al\u00edquota da Previd\u00eancia de 11% par 14% dos sal\u00e1rios, o Planejamento nem pensa em bombar os ganhos de uma s\u00f3 carreira de Estado. Informa\u00e7\u00f5es recentemente divulgadas pelo <em><strong>Blog do Servidor<\/strong><\/em>, apontam que, para esse ano, o minist\u00e9rio respons\u00e1vel pelo desembolso s\u00f3 admitia elevar o valor para, no m\u00e1ximo R$ 4,5 mil<\/p>\n<p>A inten\u00e7\u00e3o, por\u00e9m, era de que o valor permanecesse em R$ 4,5 mil at\u00e9 dezembro de 2018 e a partir de janeiro de 2019 seria sem teto ou uma percentagem sobre o que fosse arrecadado. Hoje, ningu\u00e9m mais acredita que o governo v\u00e1 aceitar tamanho privil\u00e9gio. Para a sociedade em geral, essa alta de 50% seria para comemorar.<\/p>\n<p>Mas os funcion\u00e1rios n\u00e3o aceitaram &#8220;essas migalhas&#8221; e continuam fazendo greves e movimentos de protesto.<\/p>\n","protected":false},"excerpt":{"rendered":"<p>Por volta das 16 horas, foi confirmado que a minuta de decreto do b\u00f4nus da Receita foi, enfim, para o Minist\u00e9rio da Fazenda para a assinatura da Exposi\u00e7\u00e3o de Motivos Interministerial. Depois retornar\u00e1 ao Planejamento para finalizar e s\u00f3 a\u00ed poder\u00e1 ser encaminhado para a Casa Civil. O que poder\u00e1 acontecer hoje ou amanh\u00e3 (atualizado \u00e0s 16h27) Segundo informa\u00e7\u00f5es de [&hellip;]<\/p>\n","protected":false},"author":27,"featured_media":0,"comment_status":"open","ping_status":"closed","sticky":false,"template":"","format":"standard","meta":{"footnotes":""},"categories":[2719],"tags":[11539,9703,4414,231,55,10316,379,1172,1033,823,4384,1373,2474,810,141,1485,549,1136,5951,461,1893,923,30,2430,58,11538,597,1374,2157,3421,2787],"class_list":["post-8402","post","type-post","status-publish","format-standard","hentry","category-servidor","tag-advogados-federais","tag-ajuste-fiscal","tag-aliquota","tag-bonus","tag-carreiras","tag-casa-civil-da-presidencia-da-republica","tag-categoria","tag-decreto","tag-eficiencia","tag-expectativas","tag-gestores","tag-honorarios","tag-michel-temer","tag-ministerio-da-fazenda","tag-ministerio-do-planejamento","tag-pacote","tag-previdencia","tag-produtividade","tag-progressao","tag-receita","tag-reformas","tag-regulamentacao","tag-salarios","tag-sancao","tag-servidores","tag-sidof","tag-sindifisco","tag-sucumbencia","tag-trabalhista","tag-variavel","tag-veto"],"_links":{"self":[{"href":"https:\/\/blogs.correiobraziliense.com.br\/servidor\/wp-json\/wp\/v2\/posts\/8402","targetHints":{"allow":["GET"]}}],"collection":[{"href":"https:\/\/blogs.correiobraziliense.com.br\/servidor\/wp-json\/wp\/v2\/posts"}],"about":[{"href":"https:\/\/blogs.correiobraziliense.com.br\/servidor\/wp-json\/wp\/v2\/types\/post"}],"author":[{"embeddable":true,"href":"https:\/\/blogs.correiobraziliense.com.br\/servidor\/wp-json\/wp\/v2\/users\/27"}],"replies":[{"embeddable":true,"href":"https:\/\/blogs.correiobraziliense.com.br\/servidor\/wp-json\/wp\/v2\/comments?post=8402"}],"version-history":[{"count":9,"href":"https:\/\/blogs.correiobraziliense.com.br\/servidor\/wp-json\/wp\/v2\/posts\/8402\/revisions"}],"predecessor-version":[{"id":8415,"href":"https:\/\/blogs.correiobraziliense.com.br\/servidor\/wp-json\/wp\/v2\/posts\/8402\/revisions\/8415"}],"wp:attachment":[{"href":"https:\/\/blogs.correiobraziliense.com.br\/servidor\/wp-json\/wp\/v2\/media?parent=8402"}],"wp:term":[{"taxonomy":"category","embeddable":true,"href":"https:\/\/blogs.correiobraziliense.com.br\/servidor\/wp-json\/wp\/v2\/categories?post=8402"},{"taxonomy":"post_tag","embeddable":true,"href":"https:\/\/blogs.correiobraziliense.com.br\/servidor\/wp-json\/wp\/v2\/tags?post=8402"}],"curies":[{"name":"wp","href":"https:\/\/api.w.org\/{rel}","templated":true}]}}