{"id":8398,"date":"2018-03-07T11:55:38","date_gmt":"2018-03-07T14:55:38","guid":{"rendered":"https:\/\/blogs.correiobraziliense.com.br\/servidor\/?p=8398"},"modified":"2018-03-07T11:55:38","modified_gmt":"2018-03-07T14:55:38","slug":"defensor-nao-se-submete-oab","status":"publish","type":"post","link":"https:\/\/blogs.correiobraziliense.com.br\/servidor\/defensor-nao-se-submete-oab\/","title":{"rendered":"Defensor n\u00e3o se submete \u00e0 OAB"},"content":{"rendered":"<p><em>Um debate que teve in\u00edcio em 1994, sobre se algumas carreiras do servi\u00e7o p\u00fablico desempenham ou n\u00e3o fun\u00e7\u00e3o de advogado, est\u00e1 agora pr\u00f3ximo ao desfecho<\/em><\/p>\n<p>A 2\u00aa Turma do Superior Tribunal de Justi\u00e7a (STJ), por unanimidade, decidiu que defensores p\u00fablicos n\u00e3o precisam de inscri\u00e7\u00e3o na Ordem dos Advogados do Brasil (OAB). De acordo com o relator, ministro Hermann Benjamin, embora as atividades sejam \u201cmuito semelhantes\u201d, os defensores t\u00eam regime disciplinar pr\u00f3prio definido pela Constitui\u00e7\u00e3o Federal e em outras leis e dependem de concurso para admiss\u00e3o ao cargo.<\/p>\n<p>O ministro atendeu ao pedido da Defensoria P\u00fablica do Cear\u00e1 e derrubou os argumentos da OAB. Mesmo havendo pontos de converg\u00eancia, a categoria n\u00e3o depende de autoriza\u00e7\u00e3o ou de regula\u00e7\u00e3o da Ordem para atuar. O Estatuto da Advocacia somente se aplica aos defensores em alguns pontos como \u201cna inviolabilidade por atos e manifesta\u00e7\u00f5es e no sigilo das comunica\u00e7\u00f5es\u201d. Igor Roque, presidente da Associa\u00e7\u00e3o Nacional dos Defensores P\u00fablicos Federais (Anadef) comemorou.<\/p>\n<p>\u201cA legisla\u00e7\u00e3o deixa claro a capacidade de representar algu\u00e9m em ju\u00edzo independentemente do exame da Ordem\u201d, disse Roque. O defensor precisa apenas do curso de Direito. Se torna bacharel, mas n\u00e3o advogado, ou seja, n\u00e3o precisa estar vinculado ao exame ou pagar a taxa anual. \u201cIsso \u00e9 v\u00e1lido para defensor, promotor e juiz. A discuss\u00e3o \u00e9 antiga. Vem desde 1994. \u00c9 importante destacar que haver\u00e1 queda na qualidade. Passamos por concurso p\u00fablico muito mais rigoroso\u201d, refor\u00e7ou. Existem, no pa\u00eds, cerca de 7 mil defensores na ativa. Pagam, em m\u00e9dia (o valor varia), R$ 800 de mensalidade.<\/p>\n<p>Caso a senten\u00e7a de Benjamin n\u00e3o seja modificada pelo STF, a OAB perder\u00e1 receita anual estimada de R$ 56 mil. Por meio de nota, o presidente da OAB Nacional, Claudio Lamachia, defendeu a inscri\u00e7\u00e3o. \u201cHoje, a OAB tem mais de um milh\u00e3o de profissionais inscritos em seus quadros, submetidos aos limites da Lei n\u00ba 8.906\/94, o Estatuto da Advocacia. O Conselho Federal da OAB, embora n\u00e3o seja parte do processo, ir\u00e1 ingressar no feito e recorrer da decis\u00e3o\u201d, disse. A Associa\u00e7\u00e3o dos Magistrados Brasileiros (AMB) e a Associa\u00e7\u00e3o Nacional dos Procuradores da Rep\u00fablica (ANPR) n\u00e3o deram retorno.<\/p>\n","protected":false},"excerpt":{"rendered":"<p>Um debate que teve in\u00edcio em 1994, sobre se algumas carreiras do servi\u00e7o p\u00fablico desempenham ou n\u00e3o fun\u00e7\u00e3o de advogado, est\u00e1 agora pr\u00f3ximo ao desfecho A 2\u00aa Turma do Superior Tribunal de Justi\u00e7a (STJ), por unanimidade, decidiu que defensores p\u00fablicos n\u00e3o precisam de inscri\u00e7\u00e3o na Ordem dos Advogados do Brasil (OAB). De acordo com o relator, ministro Hermann Benjamin, embora [&hellip;]<\/p>\n","protected":false},"author":27,"featured_media":0,"comment_status":"open","ping_status":"closed","sticky":false,"template":"","format":"standard","meta":{"footnotes":""},"categories":[2719],"tags":[265,1409,2743,4959,463,300,93,2584,9490,2723,889,5032,378,241,787,461,11537,4007],"class_list":["post-8398","post","type-post","status-publish","format-standard","hentry","category-servidor","tag-advogados","tag-amb","tag-anadef","tag-anpr","tag-atividades","tag-cargo","tag-concurso","tag-constituicao","tag-defensor","tag-exame","tag-funcao","tag-leis","tag-oab","tag-publico","tag-qualidade","tag-receita","tag-srj","tag-taxa"],"_links":{"self":[{"href":"https:\/\/blogs.correiobraziliense.com.br\/servidor\/wp-json\/wp\/v2\/posts\/8398","targetHints":{"allow":["GET"]}}],"collection":[{"href":"https:\/\/blogs.correiobraziliense.com.br\/servidor\/wp-json\/wp\/v2\/posts"}],"about":[{"href":"https:\/\/blogs.correiobraziliense.com.br\/servidor\/wp-json\/wp\/v2\/types\/post"}],"author":[{"embeddable":true,"href":"https:\/\/blogs.correiobraziliense.com.br\/servidor\/wp-json\/wp\/v2\/users\/27"}],"replies":[{"embeddable":true,"href":"https:\/\/blogs.correiobraziliense.com.br\/servidor\/wp-json\/wp\/v2\/comments?post=8398"}],"version-history":[{"count":1,"href":"https:\/\/blogs.correiobraziliense.com.br\/servidor\/wp-json\/wp\/v2\/posts\/8398\/revisions"}],"predecessor-version":[{"id":8399,"href":"https:\/\/blogs.correiobraziliense.com.br\/servidor\/wp-json\/wp\/v2\/posts\/8398\/revisions\/8399"}],"wp:attachment":[{"href":"https:\/\/blogs.correiobraziliense.com.br\/servidor\/wp-json\/wp\/v2\/media?parent=8398"}],"wp:term":[{"taxonomy":"category","embeddable":true,"href":"https:\/\/blogs.correiobraziliense.com.br\/servidor\/wp-json\/wp\/v2\/categories?post=8398"},{"taxonomy":"post_tag","embeddable":true,"href":"https:\/\/blogs.correiobraziliense.com.br\/servidor\/wp-json\/wp\/v2\/tags?post=8398"}],"curies":[{"name":"wp","href":"https:\/\/api.w.org\/{rel}","templated":true}]}}