{"id":8394,"date":"2018-03-06T15:33:14","date_gmt":"2018-03-06T18:33:14","guid":{"rendered":"https:\/\/blogs.correiobraziliense.com.br\/servidor\/?p=8394"},"modified":"2018-03-06T15:33:14","modified_gmt":"2018-03-06T18:33:14","slug":"censura-no-bndes","status":"publish","type":"post","link":"https:\/\/blogs.correiobraziliense.com.br\/servidor\/censura-no-bndes\/","title":{"rendered":"Censura no BNDES?"},"content":{"rendered":"<p><em>A Associa\u00e7\u00e3o dos Funcion\u00e1rios do BNDES (AFBNDES) denunciou uma &#8220;injusti\u00e7a&#8221; que est\u00e1 sofrendo dentro do Banco o presidente da entidade, por chamar os colaboradores para participarem de ato contra as reformas trabalhista e da Previd\u00eancia. Thiago Mitidieri est\u00e1 respondendo um processo no Conselho de \u00c9tica<\/em><\/p>\n<div>Com o t\u00edtulo &#8220;Censura?&#8221;, a Associa\u00e7\u00e3o, por meio de nota, se queixa de que, al\u00e9m do processo de sucess\u00e3o presidencial, um ato visto como censura pelos funcion\u00e1rios tem deixado o clima ainda mais tenso dentro do BNDES.<\/div>\n<div>&#8220;Uma comunica\u00e7\u00e3o no quadro de avisos do Banco convocando os colaboradores para ato contra a reforma Trabalhista e a reforma da Previd\u00eancia rendeu um processo no Conselho de \u00c9tica do Banco contra o presidente da Associa\u00e7\u00e3o dos Funcion\u00e1rios (AFBNDES), Thiago Mitidieri. A Associa\u00e7\u00e3o j\u00e1 trabalha em sua defesa na esfera judicial. Vale lembrar que os projetos do governo afetam trabalhadores de todas as \u00e1reas, e especialmente os colaboradores do Banco&#8221;, destaca a nota.<\/div>\n<p>&nbsp;<\/p>\n","protected":false},"excerpt":{"rendered":"<p>A Associa\u00e7\u00e3o dos Funcion\u00e1rios do BNDES (AFBNDES) denunciou uma &#8220;injusti\u00e7a&#8221; que est\u00e1 sofrendo dentro do Banco o presidente da entidade, por chamar os colaboradores para participarem de ato contra as reformas trabalhista e da Previd\u00eancia. Thiago Mitidieri est\u00e1 respondendo um processo no Conselho de \u00c9tica Com o t\u00edtulo &#8220;Censura?&#8221;, a Associa\u00e7\u00e3o, por meio de nota, se queixa de que, al\u00e9m [&hellip;]<\/p>\n","protected":false},"author":27,"featured_media":0,"comment_status":"open","ping_status":"closed","sticky":false,"template":"","format":"standard","meta":{"footnotes":""},"categories":[2719],"tags":[7226,21,2739,2080,3441,3090,11533,1201,98,2180,951,11532,1157,1300,9727,9253,19],"class_list":["post-8394","post","type-post","status-publish","format-standard","hentry","category-servidor","tag-afbndes","tag-ato","tag-bndes","tag-censura","tag-chamar","tag-colaboradores","tag-conselho-de-etica","tag-defesa","tag-governo","tag-injustica","tag-judicial","tag-participar","tag-processo","tag-projetos","tag-reforma-da-previdencia","tag-reforma-trabalhista","tag-trabalhadores"],"_links":{"self":[{"href":"https:\/\/blogs.correiobraziliense.com.br\/servidor\/wp-json\/wp\/v2\/posts\/8394","targetHints":{"allow":["GET"]}}],"collection":[{"href":"https:\/\/blogs.correiobraziliense.com.br\/servidor\/wp-json\/wp\/v2\/posts"}],"about":[{"href":"https:\/\/blogs.correiobraziliense.com.br\/servidor\/wp-json\/wp\/v2\/types\/post"}],"author":[{"embeddable":true,"href":"https:\/\/blogs.correiobraziliense.com.br\/servidor\/wp-json\/wp\/v2\/users\/27"}],"replies":[{"embeddable":true,"href":"https:\/\/blogs.correiobraziliense.com.br\/servidor\/wp-json\/wp\/v2\/comments?post=8394"}],"version-history":[{"count":1,"href":"https:\/\/blogs.correiobraziliense.com.br\/servidor\/wp-json\/wp\/v2\/posts\/8394\/revisions"}],"predecessor-version":[{"id":8395,"href":"https:\/\/blogs.correiobraziliense.com.br\/servidor\/wp-json\/wp\/v2\/posts\/8394\/revisions\/8395"}],"wp:attachment":[{"href":"https:\/\/blogs.correiobraziliense.com.br\/servidor\/wp-json\/wp\/v2\/media?parent=8394"}],"wp:term":[{"taxonomy":"category","embeddable":true,"href":"https:\/\/blogs.correiobraziliense.com.br\/servidor\/wp-json\/wp\/v2\/categories?post=8394"},{"taxonomy":"post_tag","embeddable":true,"href":"https:\/\/blogs.correiobraziliense.com.br\/servidor\/wp-json\/wp\/v2\/tags?post=8394"}],"curies":[{"name":"wp","href":"https:\/\/api.w.org\/{rel}","templated":true}]}}