{"id":8388,"date":"2018-03-05T16:31:28","date_gmt":"2018-03-05T19:31:28","guid":{"rendered":"https:\/\/blogs.correiobraziliense.com.br\/servidor\/?p=8388"},"modified":"2018-03-05T16:31:28","modified_gmt":"2018-03-05T19:31:28","slug":"trt10-determina-que-vigilantes-de-servicos-essenciais-voltem-trabalhar-imediatamente","status":"publish","type":"post","link":"https:\/\/blogs.correiobraziliense.com.br\/servidor\/trt10-determina-que-vigilantes-de-servicos-essenciais-voltem-trabalhar-imediatamente\/","title":{"rendered":"TRT10 determina que vigilantes de servi\u00e7os essenciais voltem a trabalhar imediatamente"},"content":{"rendered":"<div><em>A vice-presidente do Tribunal Regional do Trabalho da 10\u00aa Regi\u00e3o (TRT10), desembargadora Maria Regina Machado Guimar\u00e3es, determinou, na \u00faltima sexta-feira (2), o retorno imediato ao trabalho de todos os vigilantes de hospitais p\u00fablicos, bancos, esta\u00e7\u00f5es de metr\u00f4, transporte de valores, postos do INSS, tribunais de justi\u00e7a e escolas p\u00fablicas. <\/em>J<em>\u00e1 com rela\u00e7\u00e3o aos demais postos de servi\u00e7os, dever\u00e1 ser mantido o contingente m\u00ednimo de 30%. Em caso de descumprimento da liminar, ser\u00e1 aplicada multa di\u00e1ria de R$ 100 mil.<\/em><\/div>\n<div><\/div>\n<div>A decis\u00e3o foi tomada nos autos de uma a\u00e7\u00e3o cautelar ajuizada pelo Sindicato das Empresas de Seguran\u00e7a Privada, Sistemas de Seguran\u00e7a Eletr\u00f4nica, Cursos de Forma\u00e7\u00e3o e Transportes de Valores no Distrito Federal (Sindesp-DF), em raz\u00e3o da greve iniciada pela categoria na \u00faltima quinta-feira (1\u00ba), reivindicando reajuste salarial de 3,10% e aumento de 6,8% no aux\u00edlio-alimenta\u00e7\u00e3o.<\/div>\n<div><\/div>\n<div>\n<p>De acordo com os vigilantes, a greve s\u00f3 seria encerrada caso as empresas aceitassem a proposta do Sindesv, sem punir os que entraram em greve. O Para o Sindicato das Empresas de Vigil\u00e2ncia, a negocia\u00e7\u00e3o deveria ser dividida em duas partes, a primeira composta pela presta\u00e7\u00e3o de contas dos benef\u00edcios referentes ao plano de sa\u00fade, aux\u00edlio odontol\u00f3gico e fundo para indeniza\u00e7\u00e3o decorrente de aposentadoria por invalidez e por doen\u00e7a de qualquer natureza no prazo de 10 dias, com a imediata suspens\u00e3o da greve.<\/p>\n<p>Na noite de sexta-feira, no entanto, os vigilantes, em assembleia geral, decidiram manter a paralisa\u00e7\u00e3o, desobedecendo a ordem judicial.<\/p>\n<\/div>\n<div><\/div>\n<div>Processo n\u00ba 0000089-92.2018.5.10.0000 (PJe-JT)<\/div>\n","protected":false},"excerpt":{"rendered":"<p>A vice-presidente do Tribunal Regional do Trabalho da 10\u00aa Regi\u00e3o (TRT10), desembargadora Maria Regina Machado Guimar\u00e3es, determinou, na \u00faltima sexta-feira (2), o retorno imediato ao trabalho de todos os vigilantes de hospitais p\u00fablicos, bancos, esta\u00e7\u00f5es de metr\u00f4, transporte de valores, postos do INSS, tribunais de justi\u00e7a e escolas p\u00fablicas. J\u00e1 com rela\u00e7\u00e3o aos demais postos de servi\u00e7os, dever\u00e1 ser mantido [&hellip;]<\/p>\n","protected":false},"author":27,"featured_media":0,"comment_status":"open","ping_status":"closed","sticky":false,"template":"","format":"standard","meta":{"footnotes":""},"categories":[2719],"tags":[744,2094,342,4160,3348,10034,3841,11,617,7521,11523,830,24,1379,6140,11497,2697,11522,5347,1812],"class_list":["post-8388","post","type-post","status-publish","format-standard","hentry","category-servidor","tag-bancos","tag-descumprimento","tag-determina","tag-escolas","tag-essenciais","tag-estacoes","tag-hospitais","tag-inss","tag-liminar","tag-metro","tag-multa-diaria","tag-postos","tag-publicos","tag-servicos","tag-sindesp-df","tag-sindesv","tag-trabalhar","tag-tribunais-de-justica","tag-trt10","tag-vigilantes"],"_links":{"self":[{"href":"https:\/\/blogs.correiobraziliense.com.br\/servidor\/wp-json\/wp\/v2\/posts\/8388","targetHints":{"allow":["GET"]}}],"collection":[{"href":"https:\/\/blogs.correiobraziliense.com.br\/servidor\/wp-json\/wp\/v2\/posts"}],"about":[{"href":"https:\/\/blogs.correiobraziliense.com.br\/servidor\/wp-json\/wp\/v2\/types\/post"}],"author":[{"embeddable":true,"href":"https:\/\/blogs.correiobraziliense.com.br\/servidor\/wp-json\/wp\/v2\/users\/27"}],"replies":[{"embeddable":true,"href":"https:\/\/blogs.correiobraziliense.com.br\/servidor\/wp-json\/wp\/v2\/comments?post=8388"}],"version-history":[{"count":1,"href":"https:\/\/blogs.correiobraziliense.com.br\/servidor\/wp-json\/wp\/v2\/posts\/8388\/revisions"}],"predecessor-version":[{"id":8389,"href":"https:\/\/blogs.correiobraziliense.com.br\/servidor\/wp-json\/wp\/v2\/posts\/8388\/revisions\/8389"}],"wp:attachment":[{"href":"https:\/\/blogs.correiobraziliense.com.br\/servidor\/wp-json\/wp\/v2\/media?parent=8388"}],"wp:term":[{"taxonomy":"category","embeddable":true,"href":"https:\/\/blogs.correiobraziliense.com.br\/servidor\/wp-json\/wp\/v2\/categories?post=8388"},{"taxonomy":"post_tag","embeddable":true,"href":"https:\/\/blogs.correiobraziliense.com.br\/servidor\/wp-json\/wp\/v2\/tags?post=8388"}],"curies":[{"name":"wp","href":"https:\/\/api.w.org\/{rel}","templated":true}]}}