{"id":8371,"date":"2018-03-02T16:02:53","date_gmt":"2018-03-02T19:02:53","guid":{"rendered":"https:\/\/blogs.correiobraziliense.com.br\/servidor\/?p=8371"},"modified":"2018-03-02T16:02:53","modified_gmt":"2018-03-02T19:02:53","slug":"greve-dos-vigilantes-audiencia-de-conciliacao-na-justica-do-trabalho-termina-sem-acordo","status":"publish","type":"post","link":"https:\/\/blogs.correiobraziliense.com.br\/servidor\/greve-dos-vigilantes-audiencia-de-conciliacao-na-justica-do-trabalho-termina-sem-acordo\/","title":{"rendered":"Greve dos vigilantes: audi\u00eancia de concilia\u00e7\u00e3o na Justi\u00e7a do Trabalho termina sem acordo"},"content":{"rendered":"<div><em>A audi\u00eancia de concilia\u00e7\u00e3o, na manh\u00e3 desta sexta-feira (2), na sede do Tribunal Regional do Trabalho da 10\u00aa Regi\u00e3o (TRT10), entre Sindicato dos Empregados de Empresas de Seguran\u00e7a e Vigil\u00e2ncia do Distrito Federal (Sindesv) e o Sindicato de Empresas de Seguran\u00e7a (Sindesp-DF) terminou sem acordo ap\u00f3s quase duas horas de negocia\u00e7\u00f5es. Com isso, a greve da categoria iniciada na quinta-feira (1\u00ba) deve continuar. Uma audi\u00eancia perante o Minist\u00e9rio P\u00fablico do Trabalho, em Bras\u00edlia, est\u00e1 marcada para o fim da tarde desta sexta, \u00e0s 16h.<\/em><\/div>\n<div><\/div>\n<div>O Sindicato dos Vigilantes reivindica, entre outras coisas, reajuste salarial de 3,10%\u00a0 e aumento de 6,8% no aux\u00edlio-alimenta\u00e7\u00e3o. Durante a audi\u00eancia, a categoria profissional defendeu que as cl\u00e1usulas n\u00e3o acordadas ou parcialmente acordadas da conven\u00e7\u00e3o coletiva fossem mantidas conforme a norma que vigeu at\u00e9 dezembro de 2017. Somente seria poss\u00edvel encerrar a greve, de acordo com os vigilantes, se as empresas aceitassem a proposta e n\u00e3o punissem os empregados que aderiram ao movimento, abonando os dias de paralisa\u00e7\u00e3o.<\/div>\n<div><\/div>\n<div>J\u00e1 o Sindicato das Empresas de Vigil\u00e2ncia continua em favor da manuten\u00e7\u00e3o do que foi acordado durante a negocia\u00e7\u00e3o coletiva \u201cno anexo I\u201d e da divis\u00e3o da negocia\u00e7\u00e3o em dois blocos: o primeiro composto pela obriga\u00e7\u00e3o de presta\u00e7\u00e3o de contas dos benef\u00edcios referentes ao plano de sa\u00fade, aux\u00edlio odontol\u00f3gico e fundo para indeniza\u00e7\u00e3o decorrente de aposentadoria por invalidez e por doen\u00e7a de qualquer natureza no prazo de 10 dias, com a imediata suspens\u00e3o da greve; o segundo bloco pela redu\u00e7\u00e3o da intrajornada para 30 minutos e a concess\u00e3o de reajuste salarial de 2%, tamb\u00e9m condicionados \u00e0 suspens\u00e3o da greve.<\/div>\n<div><\/div>\n<div>Processo n\u00ba 0000091-62.2018.5.10.0000 (PJe-JT)<\/div>\n","protected":false},"excerpt":{"rendered":"<p>A audi\u00eancia de concilia\u00e7\u00e3o, na manh\u00e3 desta sexta-feira (2), na sede do Tribunal Regional do Trabalho da 10\u00aa Regi\u00e3o (TRT10), entre Sindicato dos Empregados de Empresas de Seguran\u00e7a e Vigil\u00e2ncia do Distrito Federal (Sindesv) e o Sindicato de Empresas de Seguran\u00e7a (Sindesp-DF) terminou sem acordo ap\u00f3s quase duas horas de negocia\u00e7\u00f5es. Com isso, a greve da categoria iniciada na quinta-feira [&hellip;]<\/p>\n","protected":false},"author":27,"featured_media":0,"comment_status":"open","ping_status":"closed","sticky":false,"template":"","format":"standard","meta":{"footnotes":""},"categories":[2719],"tags":[6,192,1550,11072,852,379,11499,680,1238,679,3685,891,390,15,1037,6894,2731,3474,894,8743,506,1054,478,63,18,11498,11497,5347,1812],"class_list":["post-8371","post","type-post","status-publish","format-standard","hentry","category-servidor","tag-aposentadoria","tag-audiencia","tag-auxilio","tag-auxilio-alimentacao","tag-beneficios","tag-categoria","tag-clauxulas","tag-coletiva","tag-conciliacao","tag-convencao","tag-doenca","tag-empregados","tag-empresas","tag-greve","tag-indenizacao","tag-intrajornada","tag-invalidez","tag-mpt","tag-negociacoes","tag-odontologico","tag-paralisacao","tag-planos-de-saude","tag-profissional","tag-reajuste","tag-salarial","tag-sindep-df","tag-sindesv","tag-trt10","tag-vigilantes"],"_links":{"self":[{"href":"https:\/\/blogs.correiobraziliense.com.br\/servidor\/wp-json\/wp\/v2\/posts\/8371","targetHints":{"allow":["GET"]}}],"collection":[{"href":"https:\/\/blogs.correiobraziliense.com.br\/servidor\/wp-json\/wp\/v2\/posts"}],"about":[{"href":"https:\/\/blogs.correiobraziliense.com.br\/servidor\/wp-json\/wp\/v2\/types\/post"}],"author":[{"embeddable":true,"href":"https:\/\/blogs.correiobraziliense.com.br\/servidor\/wp-json\/wp\/v2\/users\/27"}],"replies":[{"embeddable":true,"href":"https:\/\/blogs.correiobraziliense.com.br\/servidor\/wp-json\/wp\/v2\/comments?post=8371"}],"version-history":[{"count":1,"href":"https:\/\/blogs.correiobraziliense.com.br\/servidor\/wp-json\/wp\/v2\/posts\/8371\/revisions"}],"predecessor-version":[{"id":8372,"href":"https:\/\/blogs.correiobraziliense.com.br\/servidor\/wp-json\/wp\/v2\/posts\/8371\/revisions\/8372"}],"wp:attachment":[{"href":"https:\/\/blogs.correiobraziliense.com.br\/servidor\/wp-json\/wp\/v2\/media?parent=8371"}],"wp:term":[{"taxonomy":"category","embeddable":true,"href":"https:\/\/blogs.correiobraziliense.com.br\/servidor\/wp-json\/wp\/v2\/categories?post=8371"},{"taxonomy":"post_tag","embeddable":true,"href":"https:\/\/blogs.correiobraziliense.com.br\/servidor\/wp-json\/wp\/v2\/tags?post=8371"}],"curies":[{"name":"wp","href":"https:\/\/api.w.org\/{rel}","templated":true}]}}