{"id":8361,"date":"2018-03-01T17:31:47","date_gmt":"2018-03-01T20:31:47","guid":{"rendered":"https:\/\/blogs.correiobraziliense.com.br\/servidor\/?p=8361"},"modified":"2018-03-01T17:31:47","modified_gmt":"2018-03-01T20:31:47","slug":"em-dia-de-cobranca-auditores-da-receita-nao-sao-recebidos-por-rachid","status":"publish","type":"post","link":"https:\/\/blogs.correiobraziliense.com.br\/servidor\/em-dia-de-cobranca-auditores-da-receita-nao-sao-recebidos-por-rachid\/","title":{"rendered":"Em &#8220;Dia de Cobran\u00e7a&#8221;, auditores da Receita n\u00e3o s\u00e3o recebidos por Rachid"},"content":{"rendered":"<p><em>Em Bras\u00edlia, os auditores-fiscais da Receita Federal se concentraram no sagu\u00e3o do Minist\u00e9rio da Fazenda e, posteriormente, se dirigiram ao rol do gabinete do secret\u00e1rio Jorge Rachid. Entretanto, n\u00e3o foram recebidos sob a alega\u00e7\u00e3o de que n\u00e3o havia espa\u00e7o na agenda, explicou o sindicato da classe (Sindifisco)<\/em><\/p>\n<p>Os auditores anunciaram ontem o retorno das manifesta\u00e7\u00f5es nacionais pela valoriza\u00e7\u00e3o da carreira. A principal exig\u00eancia \u00e9 a regulamenta\u00e7\u00e3o do b\u00f4nus de efici\u00eancia e produtividade, um extra de R$ 3 mil mensais nos contracheques, al\u00e9m dos sal\u00e1rios. Exigem tamb\u00e9m a publica\u00e7\u00e3o do decreto de progress\u00e3o da carreira. Na manh\u00e3 de hoje, eles realizaram o &#8220;Dia da Cobran\u00e7a&#8221;.<\/p>\n<p>Nas unidades da Receita Federal por todo o pa\u00eds, de acordo com o sindicato, &#8220;a categoria se organizou para ler para os administradores a Carta da Alta C\u00fapula, entregue ao auditor secret\u00e1rio da Receita Federal, Jorge Rachid, em 2016, e tamb\u00e9m o Voto de Desconfian\u00e7a, dado pela categoria \u00e0 administra\u00e7\u00e3o como reflexo da insatisfa\u00e7\u00e3o com a falta de comprometimento com a luta pela regulamenta\u00e7\u00e3o do b\u00f4nus de efici\u00eancia e da progress\u00e3o funcional&#8221;.<\/p>\n<p>&#8220;Nesses mais de dois anos de campanha salarial, a categoria se manteve firme e convicta de seus direitos. O fato de a administra\u00e7\u00e3o se abster de, ao lado da classe, adotar uma a\u00e7\u00e3o incisiva fragiliza o combate. Por isso, os auditores fiscais da Receita Federal devem se mobilizar neste momento, seguindo \u00e0s orienta\u00e7\u00f5es da DEN e do CNM (Comando Nacional de Mobiliza\u00e7\u00e3o), e tamb\u00e9m dando cumprimento \u00e0s delibera\u00e7\u00f5es do CDS, para levar esse esclarecimento aos representantes da administra\u00e7\u00e3o em suas regi\u00f5es e exigir uma resposta&#8221;, destaca a nota do Sindifisco.<\/p>\n","protected":false},"excerpt":{"rendered":"<p>Em Bras\u00edlia, os auditores-fiscais da Receita Federal se concentraram no sagu\u00e3o do Minist\u00e9rio da Fazenda e, posteriormente, se dirigiram ao rol do gabinete do secret\u00e1rio Jorge Rachid. Entretanto, n\u00e3o foram recebidos sob a alega\u00e7\u00e3o de que n\u00e3o havia espa\u00e7o na agenda, explicou o sindicato da classe (Sindifisco) Os auditores anunciaram ontem o retorno das manifesta\u00e7\u00f5es nacionais pela valoriza\u00e7\u00e3o da carreira. [&hellip;]<\/p>\n","protected":false},"author":27,"featured_media":0,"comment_status":"open","ping_status":"closed","sticky":false,"template":"","format":"standard","meta":{"footnotes":""},"categories":[2719],"tags":[31,1468,188,4800,11449,1313,3385,1734,810,5951,294,1492,524],"class_list":["post-8361","post","type-post","status-publish","format-standard","hentry","category-servidor","tag-auditores","tag-bonus-de-eficiencia","tag-carreira","tag-desconfianca","tag-dia-de-cobranca","tag-funcional","tag-gabinete","tag-manifestacoes","tag-ministerio-da-fazenda","tag-progressao","tag-receita-federal","tag-resposta","tag-valorizacao"],"_links":{"self":[{"href":"https:\/\/blogs.correiobraziliense.com.br\/servidor\/wp-json\/wp\/v2\/posts\/8361","targetHints":{"allow":["GET"]}}],"collection":[{"href":"https:\/\/blogs.correiobraziliense.com.br\/servidor\/wp-json\/wp\/v2\/posts"}],"about":[{"href":"https:\/\/blogs.correiobraziliense.com.br\/servidor\/wp-json\/wp\/v2\/types\/post"}],"author":[{"embeddable":true,"href":"https:\/\/blogs.correiobraziliense.com.br\/servidor\/wp-json\/wp\/v2\/users\/27"}],"replies":[{"embeddable":true,"href":"https:\/\/blogs.correiobraziliense.com.br\/servidor\/wp-json\/wp\/v2\/comments?post=8361"}],"version-history":[{"count":1,"href":"https:\/\/blogs.correiobraziliense.com.br\/servidor\/wp-json\/wp\/v2\/posts\/8361\/revisions"}],"predecessor-version":[{"id":8362,"href":"https:\/\/blogs.correiobraziliense.com.br\/servidor\/wp-json\/wp\/v2\/posts\/8361\/revisions\/8362"}],"wp:attachment":[{"href":"https:\/\/blogs.correiobraziliense.com.br\/servidor\/wp-json\/wp\/v2\/media?parent=8361"}],"wp:term":[{"taxonomy":"category","embeddable":true,"href":"https:\/\/blogs.correiobraziliense.com.br\/servidor\/wp-json\/wp\/v2\/categories?post=8361"},{"taxonomy":"post_tag","embeddable":true,"href":"https:\/\/blogs.correiobraziliense.com.br\/servidor\/wp-json\/wp\/v2\/tags?post=8361"}],"curies":[{"name":"wp","href":"https:\/\/api.w.org\/{rel}","templated":true}]}}