{"id":8350,"date":"2018-03-01T15:19:06","date_gmt":"2018-03-01T18:19:06","guid":{"rendered":"https:\/\/blogs.correiobraziliense.com.br\/servidor\/?p=8350"},"modified":"2018-03-01T15:19:06","modified_gmt":"2018-03-01T18:19:06","slug":"marcha-das-margaridas-lanca-manifesto-do-dia-internacional-da-mulher","status":"publish","type":"post","link":"https:\/\/blogs.correiobraziliense.com.br\/servidor\/marcha-das-margaridas-lanca-manifesto-do-dia-internacional-da-mulher\/","title":{"rendered":"Marcha das Margaridas lan\u00e7a manifesto do Dia Internacional da Mulher"},"content":{"rendered":"<p><em>Neste 1\u00ba de mar\u00e7o, a Contag, Federa\u00e7\u00f5es, Sindicatos e as organiza\u00e7\u00f5es parceiras da Marcha das Margaridas lan\u00e7am o Manifesto que simboliza a chamada para a organiza\u00e7\u00e3o da maior mobiliza\u00e7\u00e3o de massa das mulheres do campo, das florestas e das \u00e1guas na Am\u00e9rica Latina, que \u00e9 a Marcha das Margaridas, que acontecer\u00e1 em agosto de 2019<\/em><\/p>\n<p>\u201cMar\u00e7o chegou e com ele nossa luta e resist\u00eancia se intensificam. Reafirmamos que basta de opress\u00e3o, de retrocessos, de viol\u00eancia. Reafirmamos que o grito das Margaridas por democracia e garantia de direitos ser\u00e1 ecoado em cada canto desse pa\u00eds\u201d, essa \u00e9 a mensagem da secret\u00e1ria de Mulheres da Contag e coordenadora geral da Marcha das Margaridas, Maz\u00e9 Morais, no primeiro dia do m\u00eas das mulheres em alus\u00e3o ao 8 de Mar\u00e7o, Dia Internacional de Luta das Mulheres.<\/p>\n<p>O lema do 8 de Mar\u00e7o desse ano \u00e9 \u201cMargaridas na luta por democracia e garantia de direitos\u201d e os eixos s\u00e3o: em defesa da Previd\u00eancia Social; pela democracia e protagonismo das mulheres na pol\u00edtica; e pela vida das mulheres e contra todas as formas de viol\u00eancia.<\/p>\n<p>Para ler o manifesto:<\/p>\n<p><a href=\"http:\/\/www.contag.org.br\/imagens\/ctg_file_508242842_01032018101455.pdf\">http:\/\/www.contag.org.br\/imagens\/ctg_file_508242842_01032018101455.pdf<\/a><\/p>\n<p>Mais pe\u00e7as de divulga\u00e7\u00e3o:<\/p>\n<p><a href=\"http:\/\/www.contag.org.br\/index.php?modulo=portal&amp;acao=interna&amp;codpag=580&amp;dc=1&amp;nw=1\">http:\/\/www.contag.org.br\/index.php?modulo=portal&amp;acao=interna&amp;codpag=580&amp;dc=1&amp;nw=1<\/a><\/p>\n","protected":false},"excerpt":{"rendered":"<p>Neste 1\u00ba de mar\u00e7o, a Contag, Federa\u00e7\u00f5es, Sindicatos e as organiza\u00e7\u00f5es parceiras da Marcha das Margaridas lan\u00e7am o Manifesto que simboliza a chamada para a organiza\u00e7\u00e3o da maior mobiliza\u00e7\u00e3o de massa das mulheres do campo, das florestas e das \u00e1guas na Am\u00e9rica Latina, que \u00e9 a Marcha das Margaridas, que acontecer\u00e1 em agosto de 2019 \u201cMar\u00e7o chegou e com ele [&hellip;]<\/p>\n","protected":false},"author":27,"featured_media":0,"comment_status":"open","ping_status":"closed","sticky":false,"template":"","format":"standard","meta":{"footnotes":""},"categories":[2719],"tags":[2826,1918,1655,3889,2696,5251,3329,7792,623,11462,2864,481,11463,4165,1043,3513,3801,4427],"class_list":["post-8350","post","type-post","status-publish","format-standard","hentry","category-servidor","tag-agosto","tag-agua","tag-america-latina","tag-campo","tag-contag","tag-dia-internacional-da-mulher","tag-federacoes","tag-florestas","tag-manifesto","tag-marcha-das-margaridas","tag-massa","tag-mobilizacao","tag-opressao","tag-organizacoes","tag-resistencia","tag-retrocessos","tag-sindicatos","tag-violencia"],"_links":{"self":[{"href":"https:\/\/blogs.correiobraziliense.com.br\/servidor\/wp-json\/wp\/v2\/posts\/8350","targetHints":{"allow":["GET"]}}],"collection":[{"href":"https:\/\/blogs.correiobraziliense.com.br\/servidor\/wp-json\/wp\/v2\/posts"}],"about":[{"href":"https:\/\/blogs.correiobraziliense.com.br\/servidor\/wp-json\/wp\/v2\/types\/post"}],"author":[{"embeddable":true,"href":"https:\/\/blogs.correiobraziliense.com.br\/servidor\/wp-json\/wp\/v2\/users\/27"}],"replies":[{"embeddable":true,"href":"https:\/\/blogs.correiobraziliense.com.br\/servidor\/wp-json\/wp\/v2\/comments?post=8350"}],"version-history":[{"count":1,"href":"https:\/\/blogs.correiobraziliense.com.br\/servidor\/wp-json\/wp\/v2\/posts\/8350\/revisions"}],"predecessor-version":[{"id":8351,"href":"https:\/\/blogs.correiobraziliense.com.br\/servidor\/wp-json\/wp\/v2\/posts\/8350\/revisions\/8351"}],"wp:attachment":[{"href":"https:\/\/blogs.correiobraziliense.com.br\/servidor\/wp-json\/wp\/v2\/media?parent=8350"}],"wp:term":[{"taxonomy":"category","embeddable":true,"href":"https:\/\/blogs.correiobraziliense.com.br\/servidor\/wp-json\/wp\/v2\/categories?post=8350"},{"taxonomy":"post_tag","embeddable":true,"href":"https:\/\/blogs.correiobraziliense.com.br\/servidor\/wp-json\/wp\/v2\/tags?post=8350"}],"curies":[{"name":"wp","href":"https:\/\/api.w.org\/{rel}","templated":true}]}}