{"id":835,"date":"2016-01-26T14:50:33","date_gmt":"2016-01-26T16:50:33","guid":{"rendered":"https:\/\/blogs.correiobraziliense.com.br\/servidor\/?p=835"},"modified":"2016-01-26T14:50:33","modified_gmt":"2016-01-26T16:50:33","slug":"pilotos-e-comissarios-aprovam-assembleia-para-decidir-sobre-greve-nacional","status":"publish","type":"post","link":"https:\/\/blogs.correiobraziliense.com.br\/servidor\/pilotos-e-comissarios-aprovam-assembleia-para-decidir-sobre-greve-nacional\/","title":{"rendered":"PILOTOS E COMISS\u00c1RIOS APROVAM ASSEMBLEIA PARA DECIDIR SOBRE GREVE NACIONAL"},"content":{"rendered":"<p>Em assembleia,\u00a0ontem,\u00a0em S\u00e3o Paulo, Rio de Janeiro, Bras\u00edlia, Porto Alegre e Campinas, a categoria dos aeronautas rejeitou a proposta para renova\u00e7\u00e3o da CCT (Conven\u00e7\u00e3o Coletiva de Trabalho) apresentada pelas empresas no TST (Tribunal Superior do Trabalho) na \u00faltima sexta-feira e aprovou a convoca\u00e7\u00e3o de uma nova assembleia para sexta-feira (29), que ir\u00e1 deliberar sobre\u00a0paralisa\u00e7\u00e3o de pilotos e comiss\u00e1rios em todo o pa\u00eds.<\/p>\n<div><\/div>\n<div>Antes, na quarta-feira (27), o Sindicato Nacional dos Aeronautas ir\u00e1 se reunir mais uma vez com o Snea (Sindicato Nacional das Empresas Aerovi\u00e1rias), seguindo determina\u00e7\u00e3o do ministro Ives Gandra Martins Filho, para uma \u00faltima rodada de negocia\u00e7\u00e3o.<\/div>\n<div><\/div>\n<div>Caso haja uma nova proposta das empresas, esta ser\u00e1 apreciada pela categoria em assembleia tamb\u00e9m na sexta-feira (29). Desta forma, ser\u00e3o realizadas duas assembleias na sexta. A primeira, \u00e0s 13h30, ir\u00e1 deliberar sobre a poss\u00edvel nova proposta das empresas. A segunda, logo em seguida, ir\u00e1 tratar da greve da categoria, caso a proposta seja considerada insuficiente.<\/p>\n<p>A proposta apresentada pelas empresas no TST e rejeitada nesta segunda-feira oferecia:<\/p><\/div>\n<div><\/div>\n<div>\u2014 Sal\u00e1rios at\u00e9 R$ 1.500,00: 5,5% de reajuste em fevereiro e 5,5% em junho;<\/div>\n<div>\u2014 Sal\u00e1rios de R$ 1.500,00 a R$ 10.000,00: 2% de reajuste em fevereiro, 3% em junho e 6% em novembro;<\/div>\n<div>\u2014 Sal\u00e1rios acima de R$ 10.000,00: valores fixos (R$ 300,00 em fevereiro, R$ 500,00 em junho e R$ 1.100,00 em novembro).<\/div>\n<div><\/div>\n<div>Como forma de sinalizar boa vontade nas negocia\u00e7\u00f5es, a assembleia desta segunda aprovou tamb\u00e9m a redu\u00e7\u00e3o da pedida de reajuste para 11% tanto em sal\u00e1rios como em demais itens econ\u00f4micos \u2014retroativo a 1\u00ba de dezembro, data-base da categoria.<\/div>\n","protected":false},"excerpt":{"rendered":"<p>Em assembleia,\u00a0ontem,\u00a0em S\u00e3o Paulo, Rio de Janeiro, Bras\u00edlia, Porto Alegre e Campinas, a categoria dos aeronautas rejeitou a proposta para renova\u00e7\u00e3o da CCT (Conven\u00e7\u00e3o Coletiva de Trabalho) apresentada pelas empresas no TST (Tribunal Superior do Trabalho) na \u00faltima sexta-feira e aprovou a convoca\u00e7\u00e3o de uma nova assembleia para sexta-feira (29), que ir\u00e1 deliberar sobre\u00a0paralisa\u00e7\u00e3o de pilotos e comiss\u00e1rios em todo [&hellip;]<\/p>\n","protected":false},"author":27,"featured_media":0,"comment_status":"open","ping_status":"closed","sticky":false,"template":"","format":"standard","meta":{"footnotes":""},"categories":[1],"tags":[375,518,517,519,15,70,516],"class_list":["post-835","post","type-post","status-publish","format-standard","hentry","category-sem-categoria","tag-aprovam","tag-assembleia","tag-comissarios","tag-decidir","tag-greve","tag-nacional","tag-pilotos"],"_links":{"self":[{"href":"https:\/\/blogs.correiobraziliense.com.br\/servidor\/wp-json\/wp\/v2\/posts\/835","targetHints":{"allow":["GET"]}}],"collection":[{"href":"https:\/\/blogs.correiobraziliense.com.br\/servidor\/wp-json\/wp\/v2\/posts"}],"about":[{"href":"https:\/\/blogs.correiobraziliense.com.br\/servidor\/wp-json\/wp\/v2\/types\/post"}],"author":[{"embeddable":true,"href":"https:\/\/blogs.correiobraziliense.com.br\/servidor\/wp-json\/wp\/v2\/users\/27"}],"replies":[{"embeddable":true,"href":"https:\/\/blogs.correiobraziliense.com.br\/servidor\/wp-json\/wp\/v2\/comments?post=835"}],"version-history":[{"count":1,"href":"https:\/\/blogs.correiobraziliense.com.br\/servidor\/wp-json\/wp\/v2\/posts\/835\/revisions"}],"predecessor-version":[{"id":836,"href":"https:\/\/blogs.correiobraziliense.com.br\/servidor\/wp-json\/wp\/v2\/posts\/835\/revisions\/836"}],"wp:attachment":[{"href":"https:\/\/blogs.correiobraziliense.com.br\/servidor\/wp-json\/wp\/v2\/media?parent=835"}],"wp:term":[{"taxonomy":"category","embeddable":true,"href":"https:\/\/blogs.correiobraziliense.com.br\/servidor\/wp-json\/wp\/v2\/categories?post=835"},{"taxonomy":"post_tag","embeddable":true,"href":"https:\/\/blogs.correiobraziliense.com.br\/servidor\/wp-json\/wp\/v2\/tags?post=835"}],"curies":[{"name":"wp","href":"https:\/\/api.w.org\/{rel}","templated":true}]}}