{"id":8337,"date":"2018-02-28T17:17:35","date_gmt":"2018-02-28T20:17:35","guid":{"rendered":"https:\/\/blogs.correiobraziliense.com.br\/servidor\/?p=8337"},"modified":"2018-02-28T17:17:35","modified_gmt":"2018-02-28T20:17:35","slug":"auditores-em-dia-de-cobranca-protestam-amanha-apos-dois-anos-de-acordo-salarial-descumprido","status":"publish","type":"post","link":"https:\/\/blogs.correiobraziliense.com.br\/servidor\/auditores-em-dia-de-cobranca-protestam-amanha-apos-dois-anos-de-acordo-salarial-descumprido\/","title":{"rendered":"Auditores em Dia de Cobran\u00e7a protestam amanh\u00e3, ap\u00f3s dois anos de acordo salarial descumprido"},"content":{"rendered":"<p><em>Os auditores-fiscais da Receita Federal voltam a protestar em todo o pa\u00eds, amanh\u00e3, no Dia da Cobran\u00e7a. Exigir\u00e3o de seus administradores (delegados, subsecret\u00e1rios, superintendentes e o secret\u00e1rio Jorge Rachid) uma real posi\u00e7\u00e3o sobre o comprometimento deles na luta pela valoriza\u00e7\u00e3o. Os protestos est\u00e3o marcados para come\u00e7ar \u00e0s 9h<\/em><\/p>\n<p>O dia 1\u00ba de mar\u00e7o, de acordo com o sindicato nacional da categoria (Sindifisco), define um triste momento: era a data prevista em lei para que o b\u00f4nus de produtividade fosse regulamentado \u2013 e se v\u00e3o dois anos.<\/p>\n<p>Nas manifesta\u00e7\u00f5es de amanh\u00e3, o ponto alto ser\u00e1 a leitura para os administradores da RFB de dois documentos: a carta da alta c\u00fapula da RFB, datada de julho de 2016, dirigida ao secret\u00e1rio Rachid, quando salientavam que estariam dispostos a entregar seus cargos caso n\u00e3o houvesse solu\u00e7\u00e3o para o acordo com o governo; e o voto de desconfian\u00e7a da classe \u00e0 c\u00fapula da RFB.<\/p>\n<p>As aduanas ter\u00e3o um importante papel. \u00c9 dia de opera\u00e7\u00e3o padr\u00e3o \u2013 fiscaliza\u00e7\u00e3o de 100% das cargas, exceto perec\u00edveis, equipamentos e insumos laboratoriais e m\u00e9dicos, al\u00e9m de translado de despojos.<\/p>\n<p>Os protestos est\u00e3o marcados para come\u00e7ar \u00e0s 9h, desta que \u00e9 a mais longa campanha salarial dos Auditores-Fiscais.<\/p>\n","protected":false},"excerpt":{"rendered":"<p>Os auditores-fiscais da Receita Federal voltam a protestar em todo o pa\u00eds, amanh\u00e3, no Dia da Cobran\u00e7a. Exigir\u00e3o de seus administradores (delegados, subsecret\u00e1rios, superintendentes e o secret\u00e1rio Jorge Rachid) uma real posi\u00e7\u00e3o sobre o comprometimento deles na luta pela valoriza\u00e7\u00e3o. Os protestos est\u00e3o marcados para come\u00e7ar \u00e0s 9h O dia 1\u00ba de mar\u00e7o, de acordo com o sindicato nacional da [&hellip;]<\/p>\n","protected":false},"author":27,"featured_media":0,"comment_status":"open","ping_status":"closed","sticky":false,"template":"","format":"standard","meta":{"footnotes":""},"categories":[2719],"tags":[112,2933,648,231,305,791,301,11450,4282,232,4800,9089,11449,1033,299,98,2765,1136,2222,294,11451,18,807,966,4085,524,7117],"class_list":["post-8337","post","type-post","status-publish","format-standard","hentry","category-servidor","tag-acordo","tag-administradores","tag-auditores-fiscais","tag-bonus","tag-campanha","tag-cargos","tag-carta","tag-compometimento","tag-cupula","tag-delegados","tag-desconfianca","tag-descumprido","tag-dia-de-cobranca","tag-eficiencia","tag-entregar","tag-governo","tag-operacao-padrao","tag-produtividade","tag-protestam","tag-receita-federal","tag-regulamentados","tag-salarial","tag-secretario","tag-subsecretarios","tag-superintendentes","tag-valorizacao","tag-voto"],"_links":{"self":[{"href":"https:\/\/blogs.correiobraziliense.com.br\/servidor\/wp-json\/wp\/v2\/posts\/8337","targetHints":{"allow":["GET"]}}],"collection":[{"href":"https:\/\/blogs.correiobraziliense.com.br\/servidor\/wp-json\/wp\/v2\/posts"}],"about":[{"href":"https:\/\/blogs.correiobraziliense.com.br\/servidor\/wp-json\/wp\/v2\/types\/post"}],"author":[{"embeddable":true,"href":"https:\/\/blogs.correiobraziliense.com.br\/servidor\/wp-json\/wp\/v2\/users\/27"}],"replies":[{"embeddable":true,"href":"https:\/\/blogs.correiobraziliense.com.br\/servidor\/wp-json\/wp\/v2\/comments?post=8337"}],"version-history":[{"count":1,"href":"https:\/\/blogs.correiobraziliense.com.br\/servidor\/wp-json\/wp\/v2\/posts\/8337\/revisions"}],"predecessor-version":[{"id":8338,"href":"https:\/\/blogs.correiobraziliense.com.br\/servidor\/wp-json\/wp\/v2\/posts\/8337\/revisions\/8338"}],"wp:attachment":[{"href":"https:\/\/blogs.correiobraziliense.com.br\/servidor\/wp-json\/wp\/v2\/media?parent=8337"}],"wp:term":[{"taxonomy":"category","embeddable":true,"href":"https:\/\/blogs.correiobraziliense.com.br\/servidor\/wp-json\/wp\/v2\/categories?post=8337"},{"taxonomy":"post_tag","embeddable":true,"href":"https:\/\/blogs.correiobraziliense.com.br\/servidor\/wp-json\/wp\/v2\/tags?post=8337"}],"curies":[{"name":"wp","href":"https:\/\/api.w.org\/{rel}","templated":true}]}}