{"id":8331,"date":"2018-02-28T12:58:32","date_gmt":"2018-02-28T15:58:32","guid":{"rendered":"https:\/\/blogs.correiobraziliense.com.br\/servidor\/?p=8331"},"modified":"2018-02-28T12:58:32","modified_gmt":"2018-02-28T15:58:32","slug":"camara-cria-comissao-para-analisar-modernizacao-da-lei-de-licitacoes","status":"publish","type":"post","link":"https:\/\/blogs.correiobraziliense.com.br\/servidor\/camara-cria-comissao-para-analisar-modernizacao-da-lei-de-licitacoes\/","title":{"rendered":"C\u00e2mara cria comiss\u00e3o para analisar moderniza\u00e7\u00e3o da Lei de Licita\u00e7\u00f5es"},"content":{"rendered":"<p><em>O presidente da C\u00e2mara dos Deputados, deputado Rodrigo Maia (DEM\/RJ), assinou um ato que determina a cria\u00e7\u00e3o de uma comiss\u00e3o especial para analisar as propostas estabelecidas no <a href=\"http:\/\/www.camara.gov.br\/proposicoesWeb\/fichadetramitacao?idProposicao=2122766\">Projeto de Lei n\u00ba 6814\/2017<\/a>, que institui normas para licita\u00e7\u00f5es e contratos na administra\u00e7\u00e3o p\u00fablica. A instala\u00e7\u00e3o e elei\u00e7\u00e3o dos componentes ocorrer\u00e1 hoje, 28, a partir das 14h, no Plen\u00e1rio 3 do Anexo II da C\u00e2mara.<\/em><\/p>\n<p>As lideran\u00e7as dos partidos ter\u00e3o direito a indicar parlamentares conforme as coliga\u00e7\u00f5es. Ser\u00e3o 36 vagas para titulares e 34 suplementes, dentre os quais ser\u00e3o designados presidente, vice-presidente e relator. Ap\u00f3s ser instalada, a comiss\u00e3o especial ter\u00e1 um prazo de 60 sess\u00f5es para apreciar o projeto.<\/p>\n<p>O PL n\u00ba 6814\/2017 j\u00e1 aguarda parecer de outras cinco comiss\u00f5es regulares da Casa. Com a cria\u00e7\u00e3o da comiss\u00e3o especial, contudo, esse rito pode ser abreviado. Nesse caso, seria necess\u00e1rio apenas o aval da comiss\u00e3o especial da Comiss\u00e3o de Constitui\u00e7\u00e3o e Justi\u00e7a para levar a proposta ao Plen\u00e1rio. O projeto a ser analisado pelos deputados deriva do PLS n\u00ba 559\/2013, j\u00e1 debatido e aprovado pelo Senado Federal.<\/p>\n<p><strong>Avan\u00e7o para as licita\u00e7\u00f5es do Brasil<\/strong><\/p>\n<p>Se aprovada, a proposta revogar\u00e1 a <a href=\"http:\/\/www.planalto.gov.br\/ccivil_03\/Leis\/L8666cons.htm\">Lei n\u00ba 8.666\/1993<\/a> \u2013 Lei de Licita\u00e7\u00f5es e Contratos \u2013, a <a href=\"http:\/\/www.planalto.gov.br\/ccivil_03\/Leis\/2002\/L10520.htm\">Lei n\u00ba 10.520\/2002<\/a> \u2013 Lei do Preg\u00e3o \u2013, e outros normativos que tratem do assunto. Al\u00e9m disso, o novo c\u00f3digo consolida em um s\u00f3 local dispositivos que hoje est\u00e3o dispersos em leis, decretos, instru\u00e7\u00f5es normativas e jurisprud\u00eancia. A expectativa de especialistas \u00e9 positiva, j\u00e1 que a promessa do novo regimento \u00e9 de desburocratizar e racionalizar os certames no pa\u00eds.<\/p>\n<p>O advogado Murilo Jacoby Fernandes lembra que, em agosto, o presidente Rodrigo Maia j\u00e1 havia determinado a instala\u00e7\u00e3o da comiss\u00e3o, sem, contudo, determinar a data da escolha dos deputados. \u201cDesta vez, parece que a proposta come\u00e7ar\u00e1 a avan\u00e7ar na C\u00e2mara, de fato. O pa\u00eds necessita desta mudan\u00e7a\u201d, analisa.<\/p>\n<p>Segundo Murilo Jacoby, quando a proposta estava em debate no Senado, diversos segmentos sociais foram ouvidos. \u201cForam v\u00e1rias audi\u00eancias onde especialistas, doutrinadores e operadores dos normativos sobre licita\u00e7\u00e3o tiveram a oportunidade de opinar. N\u00f3s pudemos apresentar nossas contribui\u00e7\u00f5es para aperfei\u00e7oar o modelo de compras p\u00fablicas brasileiro. Muitas das nossas sugest\u00f5es foram acatadas, o que nos deixa esperan\u00e7osos com o novo modelo que vem por a\u00ed\u201d, afirma.<\/p>\n<p>Para o advogado, no entanto, a nova lei ainda precisa avan\u00e7ar mais, principalmente no que se refere \u00e0 inser\u00e7\u00e3o de mecanismos que garantam o direito \u00e0 adequada qualifica\u00e7\u00e3o do gestor que atua nas comiss\u00f5es de licita\u00e7\u00e3o. \u201cAo contr\u00e1rio do que se pensa, a maioria das falhas dos gestores decorrem da falta de conhecimento das normas, e n\u00e3o d\u00e1 m\u00e1-f\u00e9. Vamos acompanhar de perto o trabalho dos deputados e auxiliar no que for poss\u00edvel para criarmos uma lei eficaz, moderna, segura, que atenda \u00e0 sociedade e traga desenvolvimento para o Brasil\u201d, conclui Murilo Jacoby.<\/p>\n","protected":false},"excerpt":{"rendered":"<p>O presidente da C\u00e2mara dos Deputados, deputado Rodrigo Maia (DEM\/RJ), assinou um ato que determina a cria\u00e7\u00e3o de uma comiss\u00e3o especial para analisar as propostas estabelecidas no Projeto de Lei n\u00ba 6814\/2017, que institui normas para licita\u00e7\u00f5es e contratos na administra\u00e7\u00e3o p\u00fablica. A instala\u00e7\u00e3o e elei\u00e7\u00e3o dos componentes ocorrer\u00e1 hoje, 28, a partir das 14h, no Plen\u00e1rio 3 do Anexo [&hellip;]<\/p>\n","protected":false},"author":27,"featured_media":0,"comment_status":"open","ping_status":"closed","sticky":false,"template":"","format":"standard","meta":{"footnotes":""},"categories":[2719],"tags":[1531,2187,2354,3336,1150,8659,8002,11439,10377,7361,106,1202,11440,3717,5032,1256,928,1847,268,3335,11438,2776,922,11441,7306,696,4956,8621,4242],"class_list":["post-8331","post","type-post","status-publish","format-standard","hentry","category-servidor","tag-camara-dos-deputados","tag-ccj","tag-certames","tag-coligacoes","tag-comissao","tag-componentes","tag-contatos","tag-deretos","tag-desburocratizar","tag-dispositivos","tag-eleicao","tag-especial","tag-instrucoes-normativas","tag-jurisprudencia","tag-leis","tag-liderancas","tag-normas","tag-normativos","tag-parlamentares","tag-partidos","tag-pl-6-8142017","tag-plenario","tag-propostas","tag-racionalizar","tag-regimento","tag-senado","tag-sessoes","tag-suplentes","tag-titulares"],"_links":{"self":[{"href":"https:\/\/blogs.correiobraziliense.com.br\/servidor\/wp-json\/wp\/v2\/posts\/8331","targetHints":{"allow":["GET"]}}],"collection":[{"href":"https:\/\/blogs.correiobraziliense.com.br\/servidor\/wp-json\/wp\/v2\/posts"}],"about":[{"href":"https:\/\/blogs.correiobraziliense.com.br\/servidor\/wp-json\/wp\/v2\/types\/post"}],"author":[{"embeddable":true,"href":"https:\/\/blogs.correiobraziliense.com.br\/servidor\/wp-json\/wp\/v2\/users\/27"}],"replies":[{"embeddable":true,"href":"https:\/\/blogs.correiobraziliense.com.br\/servidor\/wp-json\/wp\/v2\/comments?post=8331"}],"version-history":[{"count":1,"href":"https:\/\/blogs.correiobraziliense.com.br\/servidor\/wp-json\/wp\/v2\/posts\/8331\/revisions"}],"predecessor-version":[{"id":8332,"href":"https:\/\/blogs.correiobraziliense.com.br\/servidor\/wp-json\/wp\/v2\/posts\/8331\/revisions\/8332"}],"wp:attachment":[{"href":"https:\/\/blogs.correiobraziliense.com.br\/servidor\/wp-json\/wp\/v2\/media?parent=8331"}],"wp:term":[{"taxonomy":"category","embeddable":true,"href":"https:\/\/blogs.correiobraziliense.com.br\/servidor\/wp-json\/wp\/v2\/categories?post=8331"},{"taxonomy":"post_tag","embeddable":true,"href":"https:\/\/blogs.correiobraziliense.com.br\/servidor\/wp-json\/wp\/v2\/tags?post=8331"}],"curies":[{"name":"wp","href":"https:\/\/api.w.org\/{rel}","templated":true}]}}