{"id":833,"date":"2016-01-26T13:26:47","date_gmt":"2016-01-26T15:26:47","guid":{"rendered":"https:\/\/blogs.correiobraziliense.com.br\/servidor\/?p=833"},"modified":"2016-01-26T13:26:47","modified_gmt":"2016-01-26T15:26:47","slug":"analistas-tributarios-da-receita-paralisados-em-todo-o-pais","status":"publish","type":"post","link":"https:\/\/blogs.correiobraziliense.com.br\/servidor\/analistas-tributarios-da-receita-paralisados-em-todo-o-pais\/","title":{"rendered":"ANALISTAS TRIBUT\u00c1RIOS DA RECEITA PARALISADOS EM TODO O PA\u00cdS"},"content":{"rendered":"<p><em>Nesses dois dias de paralisa\u00e7\u00e3o n\u00e3o ser\u00e3o realizados atendimentos nas unidades da Receita Federal em todo o pa\u00eds. Ser\u00e1 suspenso o atendimento ao contribuinte, n\u00e3o ser\u00e3o efetuadas a Emiss\u00e3o de CND, o Parcelamento de D\u00e9bitos, a recep\u00e7\u00e3o de documentos Malha Fiscal, a Emiss\u00e3o de DARF e GPS entre outros. Tamb\u00e9m ser\u00e3o paralisados os servi\u00e7os nas Alf\u00e2ndegas e Inspetorias como Despachos de Exporta\u00e7\u00e3o, Confer\u00eancia F\u00edsica, Tr\u00e2nsito Aduaneiro, Embarque de Suprimentos, Vigil\u00e2ncia Aduaneira, Repress\u00e3o entre outros.<\/em><\/p>\n<p>&nbsp;<\/p>\n<p>Os Analistas-Tribut\u00e1rios da Receita Federal paralisam nesta ter\u00e7a e quarta-feira, dias 26 e 27 de janeiro, as atividades em todo o Pa\u00eds para aguardar a apresenta\u00e7\u00e3o formal da proposta de reestrutura\u00e7\u00e3o salarial que dever\u00e1 ser encaminhada pelo Minist\u00e9rio do Planejamento ainda esta semana.<\/p>\n<p>Os Analistas-Tribut\u00e1rios da Receita Federal negociam com o governo a constru\u00e7\u00e3o de uma proposta efetiva visando assegurar uma rela\u00e7\u00e3o remunerat\u00f3ria mais justa, a institui\u00e7\u00e3o do B\u00f4nus de Efici\u00eancia, bem como lutam para garantir em Lei as atribui\u00e7\u00f5es da categoria entre outros pontos que consta da pauta de reivindica\u00e7\u00f5es que foi encaminhada ao governo.<\/p>\n<p>A presidenta do Sindireceita, S\u00edlvia de Alencar, destaca que a proposta inicial apresentada pelo governo n\u00e3o atende os Analistas-Tribut\u00e1rios e que o subs\u00eddio da categoria est\u00e1 defasado em mais de 30%. \u201cPrecisamos avan\u00e7ar em quest\u00f5es estruturantes da Carreira de Auditoria como o padr\u00e3o remunerat\u00f3rio, a constru\u00e7\u00e3o de uma proposta concreta de B\u00f4nus de Efici\u00eancia e de defini\u00e7\u00e3o de atribui\u00e7\u00f5es. Os Analistas-Tribut\u00e1rios n\u00e3o aceitar\u00e3o serem submetidos a um acordo que n\u00e3o reconhe\u00e7a a import\u00e2ncia do cargo\u201d, refor\u00e7ou.<\/p>\n<p>Em todo o Pa\u00eds, a Receita Federal conta com mais de 8 mil Analistas-Tribut\u00e1rios que atuam nas Ag\u00eancias, Centros de Atendimento, Delegacias, Alf\u00e2ndegas, Inspetorias e postos de fronteira. Durante estes dois dias, as atividades realizadas por esses servidores ser\u00e3o interrompidas. Al\u00e9m de aguardar a apresenta\u00e7\u00e3o da proposta formal pelo governo, os servidores v\u00e3o analisar e discutir a possibilidade de novas paralisa\u00e7\u00f5es, caso a proposta que deve ser encaminhada pelo governo n\u00e3o contemple a categoria.<\/p>\n","protected":false},"excerpt":{"rendered":"<p>Nesses dois dias de paralisa\u00e7\u00e3o n\u00e3o ser\u00e3o realizados atendimentos nas unidades da Receita Federal em todo o pa\u00eds. Ser\u00e1 suspenso o atendimento ao contribuinte, n\u00e3o ser\u00e3o efetuadas a Emiss\u00e3o de CND, o Parcelamento de D\u00e9bitos, a recep\u00e7\u00e3o de documentos Malha Fiscal, a Emiss\u00e3o de DARF e GPS entre outros. Tamb\u00e9m ser\u00e3o paralisados os servi\u00e7os nas Alf\u00e2ndegas e Inspetorias como Despachos [&hellip;]<\/p>\n","protected":false},"author":27,"featured_media":0,"comment_status":"open","ping_status":"closed","sticky":false,"template":"","format":"standard","meta":{"footnotes":""},"categories":[1],"tags":[511,513,515,198,512,514],"class_list":["post-833","post","type-post","status-publish","format-standard","hentry","category-sem-categoria","tag-analistas-tributarios","tag-atendimentos","tag-contribuintes","tag-pais","tag-paralisados","tag-unidades"],"_links":{"self":[{"href":"https:\/\/blogs.correiobraziliense.com.br\/servidor\/wp-json\/wp\/v2\/posts\/833","targetHints":{"allow":["GET"]}}],"collection":[{"href":"https:\/\/blogs.correiobraziliense.com.br\/servidor\/wp-json\/wp\/v2\/posts"}],"about":[{"href":"https:\/\/blogs.correiobraziliense.com.br\/servidor\/wp-json\/wp\/v2\/types\/post"}],"author":[{"embeddable":true,"href":"https:\/\/blogs.correiobraziliense.com.br\/servidor\/wp-json\/wp\/v2\/users\/27"}],"replies":[{"embeddable":true,"href":"https:\/\/blogs.correiobraziliense.com.br\/servidor\/wp-json\/wp\/v2\/comments?post=833"}],"version-history":[{"count":1,"href":"https:\/\/blogs.correiobraziliense.com.br\/servidor\/wp-json\/wp\/v2\/posts\/833\/revisions"}],"predecessor-version":[{"id":834,"href":"https:\/\/blogs.correiobraziliense.com.br\/servidor\/wp-json\/wp\/v2\/posts\/833\/revisions\/834"}],"wp:attachment":[{"href":"https:\/\/blogs.correiobraziliense.com.br\/servidor\/wp-json\/wp\/v2\/media?parent=833"}],"wp:term":[{"taxonomy":"category","embeddable":true,"href":"https:\/\/blogs.correiobraziliense.com.br\/servidor\/wp-json\/wp\/v2\/categories?post=833"},{"taxonomy":"post_tag","embeddable":true,"href":"https:\/\/blogs.correiobraziliense.com.br\/servidor\/wp-json\/wp\/v2\/tags?post=833"}],"curies":[{"name":"wp","href":"https:\/\/api.w.org\/{rel}","templated":true}]}}