{"id":8329,"date":"2018-02-28T12:52:37","date_gmt":"2018-02-28T15:52:37","guid":{"rendered":"https:\/\/blogs.correiobraziliense.com.br\/servidor\/?p=8329"},"modified":"2018-02-28T12:52:37","modified_gmt":"2018-02-28T15:52:37","slug":"enap-i-seminario-brasileiro-sobre-implementacao-de-politicas-publicas","status":"publish","type":"post","link":"https:\/\/blogs.correiobraziliense.com.br\/servidor\/enap-i-seminario-brasileiro-sobre-implementacao-de-politicas-publicas\/","title":{"rendered":"Enap &#8211; I Semin\u00e1rio Brasileiro sobre Implementa\u00e7\u00e3o de Pol\u00edticas P\u00fablicas"},"content":{"rendered":"<p>A Escola Nacional de Administra\u00e7\u00e3o P\u00fablica (Enap), em parceria com o Instituto de Pesquisa Econ\u00f4mica Aplicada (Ipea), o N\u00facleo de Estudos da Burocracia da Universidade Federal do ABC (NEF\/UBA-BC) e a Pontif\u00edcia Universidade Cat\u00f3lica do Rio de Janeiro (PUC-RJ), promovem, nos dias 20 e 21 de mar\u00e7o, o I Semin\u00e1rio Brasileiro sobre Implementa\u00e7\u00e3o de Pol\u00edticas P\u00fablicas, em Bras\u00edlia-DF. As inscri\u00e7\u00f5es s\u00e3o gratuitas e as vagas, limitadas.<\/p>\n","protected":false},"excerpt":{"rendered":"<p>A Escola Nacional de Administra\u00e7\u00e3o P\u00fablica (Enap), em parceria com o Instituto de Pesquisa Econ\u00f4mica Aplicada (Ipea), o N\u00facleo de Estudos da Burocracia da Universidade Federal do ABC (NEF\/UBA-BC) e a Pontif\u00edcia Universidade Cat\u00f3lica do Rio de Janeiro (PUC-RJ), promovem, nos dias 20 e 21 de mar\u00e7o, o I Semin\u00e1rio Brasileiro sobre Implementa\u00e7\u00e3o de Pol\u00edticas P\u00fablicas, em Bras\u00edlia-DF. As inscri\u00e7\u00f5es [&hellip;]<\/p>\n","protected":false},"author":27,"featured_media":0,"comment_status":"open","ping_status":"closed","sticky":false,"template":"","format":"standard","meta":{"footnotes":""},"categories":[2719],"tags":[308,781,11436,10851,11437,267,703],"class_list":["post-8329","post","type-post","status-publish","format-standard","hentry","category-servidor","tag-enap","tag-inscricoes","tag-nefiba-bc","tag-politicas-publicas","tag-pucrj","tag-seminario","tag-vagas"],"_links":{"self":[{"href":"https:\/\/blogs.correiobraziliense.com.br\/servidor\/wp-json\/wp\/v2\/posts\/8329","targetHints":{"allow":["GET"]}}],"collection":[{"href":"https:\/\/blogs.correiobraziliense.com.br\/servidor\/wp-json\/wp\/v2\/posts"}],"about":[{"href":"https:\/\/blogs.correiobraziliense.com.br\/servidor\/wp-json\/wp\/v2\/types\/post"}],"author":[{"embeddable":true,"href":"https:\/\/blogs.correiobraziliense.com.br\/servidor\/wp-json\/wp\/v2\/users\/27"}],"replies":[{"embeddable":true,"href":"https:\/\/blogs.correiobraziliense.com.br\/servidor\/wp-json\/wp\/v2\/comments?post=8329"}],"version-history":[{"count":1,"href":"https:\/\/blogs.correiobraziliense.com.br\/servidor\/wp-json\/wp\/v2\/posts\/8329\/revisions"}],"predecessor-version":[{"id":8330,"href":"https:\/\/blogs.correiobraziliense.com.br\/servidor\/wp-json\/wp\/v2\/posts\/8329\/revisions\/8330"}],"wp:attachment":[{"href":"https:\/\/blogs.correiobraziliense.com.br\/servidor\/wp-json\/wp\/v2\/media?parent=8329"}],"wp:term":[{"taxonomy":"category","embeddable":true,"href":"https:\/\/blogs.correiobraziliense.com.br\/servidor\/wp-json\/wp\/v2\/categories?post=8329"},{"taxonomy":"post_tag","embeddable":true,"href":"https:\/\/blogs.correiobraziliense.com.br\/servidor\/wp-json\/wp\/v2\/tags?post=8329"}],"curies":[{"name":"wp","href":"https:\/\/api.w.org\/{rel}","templated":true}]}}