{"id":8325,"date":"2018-02-27T21:18:27","date_gmt":"2018-02-28T00:18:27","guid":{"rendered":"https:\/\/blogs.correiobraziliense.com.br\/servidor\/?p=8325"},"modified":"2018-02-27T21:18:27","modified_gmt":"2018-02-28T00:18:27","slug":"adpf-apoia-escolha-de-galloro-para-direcao-da-pf","status":"publish","type":"post","link":"https:\/\/blogs.correiobraziliense.com.br\/servidor\/adpf-apoia-escolha-de-galloro-para-direcao-da-pf\/","title":{"rendered":"ADPF &#8211; apoia escolha de Galloro para a dire\u00e7\u00e3o da PF"},"content":{"rendered":"<p><em>Por meio de nota, a Associa\u00e7\u00e3o Nacional dos Delegados de Pol\u00edcia Federal (ADPF), destacou que o novo diretor-geral da Pol\u00edcia Federal, delegado Rog\u00e9rio Galloro, com mais de 22 anos de experi\u00eancia no exerc\u00edcio do cargo, re\u00fane todas condi\u00e7\u00f5es t\u00e9cnicas para desempenhar com efici\u00eancia o comando da institui\u00e7\u00e3o<\/em><\/p>\n<p>&#8220;Entretanto, o momento imp\u00f5e a toda sociedade uma importante reflex\u00e3o: As trocas no comando demonstram a necessidade urgente da aprova\u00e7\u00e3o de mecanismos legais que confiram previsibilidade, estabilidade e prote\u00e7\u00e3o \u00e0 Pol\u00edcia Federal.<\/p>\n<p>\u00c9 fundamental a aprova\u00e7\u00e3o, pelo Congresso Nacional, de mandato para o cargo de diretor-geral e a sua nomea\u00e7\u00e3o com base em uma lista formada por quadros t\u00e9cnicos de carreira, escolhidos por delegados, a fim de oferecer ao presidente da Rep\u00fablica nomes qualificados para conduzir uma das mais respeitadas institui\u00e7\u00f5es brasileiras. \u00c9 essencial tamb\u00e9m que os parlamentares aprovem rapidamente a proposta que estabelece autonomia administrativa, or\u00e7amentaria e financeira \u00e0 Pol\u00edcia Federal.<\/p>\n<p>Essas medidas formam o sistema de prote\u00e7\u00e3o da Pol\u00edcia Federal, garantindo a continuidade de suas a\u00e7\u00f5es de combate ao crime organizado e \u00e0 corrup\u00e7\u00e3o.<\/p>\n<p>Associa\u00e7\u00e3o dos Delegados de Pol\u00edcia Federal (ADPF)&#8221;<\/p>\n","protected":false},"excerpt":{"rendered":"<p>Por meio de nota, a Associa\u00e7\u00e3o Nacional dos Delegados de Pol\u00edcia Federal (ADPF), destacou que o novo diretor-geral da Pol\u00edcia Federal, delegado Rog\u00e9rio Galloro, com mais de 22 anos de experi\u00eancia no exerc\u00edcio do cargo, re\u00fane todas condi\u00e7\u00f5es t\u00e9cnicas para desempenhar com efici\u00eancia o comando da institui\u00e7\u00e3o &#8220;Entretanto, o momento imp\u00f5e a toda sociedade uma importante reflex\u00e3o: As trocas no [&hellip;]<\/p>\n","protected":false},"author":27,"featured_media":0,"comment_status":"open","ping_status":"closed","sticky":false,"template":"","format":"standard","meta":{"footnotes":""},"categories":[2719],"tags":[348,530,1497,10271,300,1776,1383,1033,1093,620,5183,4407,4689,2746,11431,1969],"class_list":["post-8325","post","type-post","status-publish","format-standard","hentry","category-servidor","tag-adpf","tag-apoia","tag-aprovacao","tag-associacao-dos-delegados-da-policia-federal","tag-cargo","tag-comando","tag-condicoes","tag-eficiencia","tag-escolha","tag-estabilidade","tag-experiencia","tag-mecanismos","tag-previsibilidade","tag-protecao","tag-rogerio-galloro","tag-tecnicas"],"_links":{"self":[{"href":"https:\/\/blogs.correiobraziliense.com.br\/servidor\/wp-json\/wp\/v2\/posts\/8325","targetHints":{"allow":["GET"]}}],"collection":[{"href":"https:\/\/blogs.correiobraziliense.com.br\/servidor\/wp-json\/wp\/v2\/posts"}],"about":[{"href":"https:\/\/blogs.correiobraziliense.com.br\/servidor\/wp-json\/wp\/v2\/types\/post"}],"author":[{"embeddable":true,"href":"https:\/\/blogs.correiobraziliense.com.br\/servidor\/wp-json\/wp\/v2\/users\/27"}],"replies":[{"embeddable":true,"href":"https:\/\/blogs.correiobraziliense.com.br\/servidor\/wp-json\/wp\/v2\/comments?post=8325"}],"version-history":[{"count":1,"href":"https:\/\/blogs.correiobraziliense.com.br\/servidor\/wp-json\/wp\/v2\/posts\/8325\/revisions"}],"predecessor-version":[{"id":8326,"href":"https:\/\/blogs.correiobraziliense.com.br\/servidor\/wp-json\/wp\/v2\/posts\/8325\/revisions\/8326"}],"wp:attachment":[{"href":"https:\/\/blogs.correiobraziliense.com.br\/servidor\/wp-json\/wp\/v2\/media?parent=8325"}],"wp:term":[{"taxonomy":"category","embeddable":true,"href":"https:\/\/blogs.correiobraziliense.com.br\/servidor\/wp-json\/wp\/v2\/categories?post=8325"},{"taxonomy":"post_tag","embeddable":true,"href":"https:\/\/blogs.correiobraziliense.com.br\/servidor\/wp-json\/wp\/v2\/tags?post=8325"}],"curies":[{"name":"wp","href":"https:\/\/api.w.org\/{rel}","templated":true}]}}