{"id":8321,"date":"2018-02-27T20:46:44","date_gmt":"2018-02-27T23:46:44","guid":{"rendered":"https:\/\/blogs.correiobraziliense.com.br\/servidor\/?p=8321"},"modified":"2018-02-27T20:46:44","modified_gmt":"2018-02-27T23:46:44","slug":"servidores-com-mandato-classista-nao-serao-mais-excluidos-da-folha-de-pagamento","status":"publish","type":"post","link":"https:\/\/blogs.correiobraziliense.com.br\/servidor\/servidores-com-mandato-classista-nao-serao-mais-excluidos-da-folha-de-pagamento\/","title":{"rendered":"Servidores com mandato classista n\u00e3o ser\u00e3o mais exclu\u00eddos da folha de pagamento"},"content":{"rendered":"<p><em>O Sindicato Nacional dos Auditores e T\u00e9cnicos Federais de Finan\u00e7as e Controle (Unacon Sindical) derrubou na Justi\u00e7a um of\u00edcio administrativo do Minist\u00e9rio do Planejamento que criava mais burocracia no pagamento dos sal\u00e1rios de funcion\u00e1rios p\u00fablicos liberados para mandados sindicais e prejudicava a vida dessas lideran\u00e7as<\/em><\/p>\n<p>A decis\u00e3o da ju\u00edza federal Diana Wanderlei, da 5\u00aa Vara Federal, valer\u00e1 para servidores na mesma situa\u00e7\u00e3o em todo o pa\u00eds. O of\u00edcio 605\/2016 criou uma confus\u00e3o e desarrumou uma conviv\u00eancia j\u00e1 pacificada com a Uni\u00e3o, ao discriminar os sindicalistas. Desde a Lei 8.112\/90, era assegurado ao servidor a licen\u00e7a para desempenho de mandato classista.<\/p>\n<p>A administra\u00e7\u00e3o permitia o afastamento do servidor, sem sua exclus\u00e3o da folha de pagamento. \u201cO pagamento era feito e a entidade sindical ressarcia a Uni\u00e3o. Mas a Secretaria e Gest\u00e3o de Pessoas (SGP) resolveu interpretar a lei de forma diferente e prejudicou o servidor. Fora da folha, ele fica sem contracheque, sem contagem de tempo de servi\u00e7o para a aposentadoria \u2013 a menos que guarde todas as guias para comprovar depois \u2013 e at\u00e9 sem condi\u00e7\u00f5es de comprovar a remunera\u00e7\u00e3o, em caso de precisar fazer um empr\u00e9stimo\u201d, declarou Marques.<\/p>\n<p>Na senten\u00e7a, a ju\u00edza Diana Wanderlei cita: \u201cem rela\u00e7\u00e3o ao of\u00edcio circular n\u00ba 605\/15, tenho que a medida administrativa, embora possa estar fundamentada na necessidade de aprimoramento, automa\u00e7\u00e3o e revis\u00e3o dos atos normativos vigentes, est\u00e1 inviabilizando o exerc\u00edcio pleno do direito constitucional de livre associa\u00e7\u00e3o sindical, na medida em que imp\u00f5e severas restri\u00e7\u00f5es ao autom\u00e1tico recolhimento da contribui\u00e7\u00e3o previdenci\u00e1ria do licenciado, e o respectivo computo do per\u00edodo de licen\u00e7a para finda de tempo de servi\u00e7o e de contribui\u00e7\u00e3o\u201d.<\/p>\n<p>A ju\u00edza suspendeu e efic\u00e1cia do Of\u00edcio 605\/2016 e restabeleceu o procedimento anterior de remunera\u00e7\u00e3o.<\/p>\n","protected":false},"excerpt":{"rendered":"<p>O Sindicato Nacional dos Auditores e T\u00e9cnicos Federais de Finan\u00e7as e Controle (Unacon Sindical) derrubou na Justi\u00e7a um of\u00edcio administrativo do Minist\u00e9rio do Planejamento que criava mais burocracia no pagamento dos sal\u00e1rios de funcion\u00e1rios p\u00fablicos liberados para mandados sindicais e prejudicava a vida dessas lideran\u00e7as A decis\u00e3o da ju\u00edza federal Diana Wanderlei, da 5\u00aa Vara Federal, valer\u00e1 para servidores na [&hellip;]<\/p>\n","protected":false},"author":27,"featured_media":0,"comment_status":"open","ping_status":"closed","sticky":false,"template":"","format":"standard","meta":{"footnotes":""},"categories":[2719],"tags":[6,6235,1437,3069,6070,150,260,5026,141,8133,151,3295,1620,2135,212,58,9079,2019,1455],"class_list":["post-8321","post","type-post","status-publish","format-standard","hentry","category-servidor","tag-aposentadoria","tag-circular","tag-classista","tag-emprestimo","tag-excluidos","tag-folha","tag-justica","tag-mandato","tag-ministerio-do-planejamento","tag-oficio","tag-pagamento","tag-procedimento","tag-remuneracao","tag-revisao","tag-servico","tag-servidores","tag-sgp","tag-tempo","tag-unacon-sindical"],"_links":{"self":[{"href":"https:\/\/blogs.correiobraziliense.com.br\/servidor\/wp-json\/wp\/v2\/posts\/8321","targetHints":{"allow":["GET"]}}],"collection":[{"href":"https:\/\/blogs.correiobraziliense.com.br\/servidor\/wp-json\/wp\/v2\/posts"}],"about":[{"href":"https:\/\/blogs.correiobraziliense.com.br\/servidor\/wp-json\/wp\/v2\/types\/post"}],"author":[{"embeddable":true,"href":"https:\/\/blogs.correiobraziliense.com.br\/servidor\/wp-json\/wp\/v2\/users\/27"}],"replies":[{"embeddable":true,"href":"https:\/\/blogs.correiobraziliense.com.br\/servidor\/wp-json\/wp\/v2\/comments?post=8321"}],"version-history":[{"count":1,"href":"https:\/\/blogs.correiobraziliense.com.br\/servidor\/wp-json\/wp\/v2\/posts\/8321\/revisions"}],"predecessor-version":[{"id":8322,"href":"https:\/\/blogs.correiobraziliense.com.br\/servidor\/wp-json\/wp\/v2\/posts\/8321\/revisions\/8322"}],"wp:attachment":[{"href":"https:\/\/blogs.correiobraziliense.com.br\/servidor\/wp-json\/wp\/v2\/media?parent=8321"}],"wp:term":[{"taxonomy":"category","embeddable":true,"href":"https:\/\/blogs.correiobraziliense.com.br\/servidor\/wp-json\/wp\/v2\/categories?post=8321"},{"taxonomy":"post_tag","embeddable":true,"href":"https:\/\/blogs.correiobraziliense.com.br\/servidor\/wp-json\/wp\/v2\/tags?post=8321"}],"curies":[{"name":"wp","href":"https:\/\/api.w.org\/{rel}","templated":true}]}}