{"id":8312,"date":"2018-02-26T20:46:04","date_gmt":"2018-02-26T23:46:04","guid":{"rendered":"https:\/\/blogs.correiobraziliense.com.br\/servidor\/?p=8312"},"modified":"2018-02-26T20:46:04","modified_gmt":"2018-02-26T23:46:04","slug":"auditores-fiscais-federais-agropecuarios-rebatem-presidente-da-cna","status":"publish","type":"post","link":"https:\/\/blogs.correiobraziliense.com.br\/servidor\/auditores-fiscais-federais-agropecuarios-rebatem-presidente-da-cna\/","title":{"rendered":"Auditores fiscais federais agropecu\u00e1rios rebatem presidente da CNA"},"content":{"rendered":"<p class=\"m_-2715416161748351742x_x_MsoNormal\"><em>O Sindicato Nacional dos Auditores Fiscais Federais Agropecu\u00e1rios (Anffa Sindical), por meio de nota, contesta veementemente as declara\u00e7\u00f5es do presidente da Confedera\u00e7\u00e3o da Agricultura e Pecu\u00e1ria do Brasil (CNA), Jo\u00e3o Martins, em entrevista em Santa Catarina.<\/em><\/p>\n<p class=\"m_-2715416161748351742x_x_MsoNormal\">Veja a nota:<\/p>\n<p class=\"m_-2715416161748351742x_x_MsoNormal\">&#8220;O presidente da CNA desqualificou o trabalho dos auditores fiscais federais agropecu\u00e1rios (Affas) defendeu a contrata\u00e7\u00e3o de profissionais terceirizados para realizar a fiscaliza\u00e7\u00e3o agropecu\u00e1ria, afirmou que h\u00e1 fiscais de p\u00e9ssima qualidade e criticou a estabilidade funcional no servi\u00e7o p\u00fablico.<\/p>\n<p class=\"m_-2715416161748351742x_x_MsoNormal\">O Anffa Sindical afirma que os atuais problemas enfrentados pelo setor de fiscaliza\u00e7\u00e3o agropecu\u00e1ria s\u00e3o fruto de anos de interfer\u00eancia pol\u00edtica no setor, como a indica\u00e7\u00e3o sem crit\u00e9rios objetivos para cargos eminentemente t\u00e9cnicos. Soma-se a isso o d\u00e9ficit de cerca de 2 mil servidores, n\u00famero apontado por levantamento feito pelo pr\u00f3prio Minist\u00e9rio da Agricultura Pecu\u00e1ria e Abastecimento (Mapa).<\/p>\n<p class=\"m_-2715416161748351742x_x_MsoNormal\">Os auditores fiscais federais agropecu\u00e1rios t\u00eam prestado servi\u00e7os de excel\u00eancia \u00e0 sociedade brasileira, at\u00e9 mesmo com reconhecimento internacional. S\u00e3o profissionais dedicados e comprometidos com a seguran\u00e7a alimentar dos consumidores internos e dos pa\u00edses que importam nossos produtos.<\/p>\n<p class=\"m_-2715416161748351742x_x_MsoNormal\">Recentemente, a Organiza\u00e7\u00e3o Mundial de Sa\u00fade Animal (OIE na sigla em ingl\u00eas) acolheu pedido brasileiro e declarou o Brasil zona livre de febre aftosa, resultado de d\u00e9cadas de atua\u00e7\u00e3o s\u00e9ria de profissionais de diversas \u00e1reas, especialmente de Affas, embora esse trabalho nem sempre seja reconhecido.<\/p>\n<p class=\"m_-2715416161748351742x_x_MsoNormal\">Estudo da Funda\u00e7\u00e3o Get\u00falio Vargas publicado em setembro do ano passado mostrou que, enquanto o valor bruto da produ\u00e7\u00e3o agropecu\u00e1ria brasileira cresceu 123% nos \u00faltimos 20 anos, o n\u00famero de auditores fiscais federais agropecu\u00e1rios caiu 40%. Para dar conta de toda a fiscaliza\u00e7\u00e3o exigida por pa\u00edses importadores, h\u00e1 profissionais que ficam mais de 15 dias fora de suas casas.<\/p>\n<p class=\"m_-2715416161748351742x_x_MsoNormal\">Por fim, a estabilidade funcional \u00e9 garantia de trabalho aut\u00f4nomo, independente e livre de interfer\u00eancias pol\u00edticas e econ\u00f4micas. Diversos pa\u00edses s\u00f3 importam produtos brasileiros se forem fiscalizados por um servidor p\u00fablico, de carreira.<\/p>\n<p class=\"m_-2715416161748351742x_x_MsoNormal\">Sabemos que o trabalho dos Affas \u00e0s vezes vai de encontro aos interesses de parcela do setor produtivo, que tem seus ganhos econ\u00f4micos amea\u00e7ados pela correta aplica\u00e7\u00e3o das regras e normas que regem o setor. Mas o compromisso dos Auditores Fscais Federais Agropecu\u00e1rios \u00e9, antes de tudo, com a seguran\u00e7a alimentar dos consumidores e n\u00e3o com interesses predominantemente econ\u00f4micos de alguns empres\u00e1rios do setor.&#8221;<\/p>\n","protected":false},"excerpt":{"rendered":"<p>O Sindicato Nacional dos Auditores Fiscais Federais Agropecu\u00e1rios (Anffa Sindical), por meio de nota, contesta veementemente as declara\u00e7\u00f5es do presidente da Confedera\u00e7\u00e3o da Agricultura e Pecu\u00e1ria do Brasil (CNA), Jo\u00e3o Martins, em entrevista em Santa Catarina. Veja a nota: &#8220;O presidente da CNA desqualificou o trabalho dos auditores fiscais federais agropecu\u00e1rios (Affas) defendeu a contrata\u00e7\u00e3o de profissionais terceirizados para realizar [&hellip;]<\/p>\n","protected":false},"author":27,"featured_media":0,"comment_status":"open","ping_status":"closed","sticky":false,"template":"","format":"standard","meta":{"footnotes":""},"categories":[2719],"tags":[11410,791,5620,874,172,998,1218,11412,411,8956,2208,620,7768,940,1313,11414,2165,814,1071,2552,14,1353,2452,3465,1415,81,221,1075,787,11411,3923,11413,575,58,570,2781,1090],"class_list":["post-8312","post","type-post","status-publish","format-standard","hentry","category-servidor","tag-auditores-fiscais-agropecuarios","tag-cargos","tag-cna","tag-consumidores","tag-contratacao","tag-criterios","tag-declaracoes","tag-defendeu","tag-deficit","tag-desqualificou","tag-entrevista","tag-estabilidade","tag-excelencia","tag-fiscalizacao","tag-funcional","tag-importam","tag-indicacao","tag-interferencia","tag-internacional","tag-levantamento","tag-mapa","tag-objetivos","tag-paises","tag-pessima","tag-politica","tag-presidente","tag-produtos","tag-profissionais","tag-qualidade","tag-rebatem","tag-reconhecimento","tag-seguranca-alimentar","tag-servico-publico","tag-servidores","tag-setor","tag-tecnicos","tag-terceirizados"],"_links":{"self":[{"href":"https:\/\/blogs.correiobraziliense.com.br\/servidor\/wp-json\/wp\/v2\/posts\/8312","targetHints":{"allow":["GET"]}}],"collection":[{"href":"https:\/\/blogs.correiobraziliense.com.br\/servidor\/wp-json\/wp\/v2\/posts"}],"about":[{"href":"https:\/\/blogs.correiobraziliense.com.br\/servidor\/wp-json\/wp\/v2\/types\/post"}],"author":[{"embeddable":true,"href":"https:\/\/blogs.correiobraziliense.com.br\/servidor\/wp-json\/wp\/v2\/users\/27"}],"replies":[{"embeddable":true,"href":"https:\/\/blogs.correiobraziliense.com.br\/servidor\/wp-json\/wp\/v2\/comments?post=8312"}],"version-history":[{"count":1,"href":"https:\/\/blogs.correiobraziliense.com.br\/servidor\/wp-json\/wp\/v2\/posts\/8312\/revisions"}],"predecessor-version":[{"id":8313,"href":"https:\/\/blogs.correiobraziliense.com.br\/servidor\/wp-json\/wp\/v2\/posts\/8312\/revisions\/8313"}],"wp:attachment":[{"href":"https:\/\/blogs.correiobraziliense.com.br\/servidor\/wp-json\/wp\/v2\/media?parent=8312"}],"wp:term":[{"taxonomy":"category","embeddable":true,"href":"https:\/\/blogs.correiobraziliense.com.br\/servidor\/wp-json\/wp\/v2\/categories?post=8312"},{"taxonomy":"post_tag","embeddable":true,"href":"https:\/\/blogs.correiobraziliense.com.br\/servidor\/wp-json\/wp\/v2\/tags?post=8312"}],"curies":[{"name":"wp","href":"https:\/\/api.w.org\/{rel}","templated":true}]}}