{"id":8306,"date":"2018-02-26T14:57:18","date_gmt":"2018-02-26T17:57:18","guid":{"rendered":"https:\/\/blogs.correiobraziliense.com.br\/servidor\/?p=8306"},"modified":"2018-02-26T14:57:18","modified_gmt":"2018-02-26T17:57:18","slug":"relator-do-projeto-do-teto-abre-mao-do-auxilio-moradia","status":"publish","type":"post","link":"https:\/\/blogs.correiobraziliense.com.br\/servidor\/relator-do-projeto-do-teto-abre-mao-do-auxilio-moradia\/","title":{"rendered":"Relator do projeto do teto abre m\u00e3o do aux\u00edlio-moradia"},"content":{"rendered":"<div><em>O relator do projeto de lei (PL-6726\/2016) que regulamenta o teto salarial dos servidores p\u00fablicos, deputado Rubens Bueno, abriu m\u00e3o, nesta <span id=\"OBJ_PREFIX_DWT2269_com_zimbra_date\" class=\"Object\">segunda<\/span>-feira (26), do aux\u00edlio-moradia a que tem direito como parlamentar. O relator tamb\u00e9m pretende apresentar uma Proposta de Emenda \u00e0 Constitui\u00e7\u00e3o (PEC) para acabar com as \u201cf\u00e9rias\u201d de dois meses no Judici\u00e1rio do pa\u00eds<\/em><\/div>\n<div><\/div>\n<div>O of\u00edcio em que dispensa o recebimento do benef\u00edcio j\u00e1 foi entregue na secretaria-geral da Mesa da C\u00e2mara dos Deputados. Rubens Bueno adiantou ainda que seu relat\u00f3rio ser\u00e1 apresentado no m\u00eas<span id=\"OBJ_PREFIX_DWT2267_com_zimbra_date\" class=\"Object\"> de mar<\/span>\u00e7o, mesmo m\u00eas que o Supremo Tribunal Federal (STF) deve decidir sobre a legalidade do pagamento de aux\u00edlio-moradia para ju\u00edzes, promotores e procuradores de todo o Brasil.<\/div>\n<div><\/div>\n<div>Um dos principais pontos do relat\u00f3rio ser\u00e1 a transforma\u00e7\u00e3o do aux\u00edlio-moradia em verba remunerat\u00f3ria, pass\u00edvel de ser cortada pelo \u201cabate-teto\u201d. Ele espera apresentar seu parecer at\u00e9 o dia <span id=\"OBJ_PREFIX_DWT2268_com_zimbra_date\" class=\"Object\"><span id=\"OBJ_PREFIX_DWT2270_com_zimbra_date\" class=\"Object\">20 de mar<\/span><\/span>\u00e7o e acredita que o texto possa ser votado na comiss\u00e3o especial antes do dia 22 mar\u00e7o, quando o STF deve julgar o direito de ju\u00edzes ao aux\u00edlio-moradia.<\/div>\n<div><\/div>\n<div>Desse modo, o benef\u00edcio n\u00e3o poder\u00e1 mais ser usado para ultrapassar o teto. A regra valer\u00e1 para os tr\u00eas poderes e atingir\u00e1, inclusive, os parlamentares. &#8220;Resolvi abrir m\u00e3o do meu benef\u00edcio para aprofundar o di\u00e1logo, j\u00e1 que vejo muito resist\u00eancia nos tr\u00eas poderes com rela\u00e7\u00e3o \u00e0 extin\u00e7\u00e3o do aux\u00edlio-moradia\u201d, explicou o deputado<\/div>\n<div><\/div>\n<div>Rubens Bueno tamb\u00e9m n\u00e3o v\u00ea motivo para aguardar o julgamento do STF sobre o aux\u00edlio- moradia para apresentar seu relat\u00f3rio. \u201cO que o Supremo vai resolver \u00e9 um problema que eles mesmos causaram. Aqui no Legislativo, a nossa miss\u00e3o \u00e9 regulamentar o teto. E \u00e9 isso que vou fazer. N\u00e3o h\u00e1 motivo para aguardar qualquer tipo de julgamento para analisarmos o relat\u00f3rio na comiss\u00e3o. Ali\u00e1s, eu s\u00f3 n\u00e3o apresentei o parecer antes porque o Poder Judici\u00e1rio demorou para mandar suas informa\u00e7\u00f5es. Farei meu papel\u201d, garantiu Rubens Bueno.<\/div>\n<div><\/div>\n<div>Al\u00e9m do relat\u00f3rio do PL 6726, o relator tamb\u00e9m est\u00e1 elaborando uma Proposta de Emenda \u00e0 Constitui\u00e7\u00e3o (PEC) para acabar com as \u201cf\u00e9rias\u201d de dois meses no Judici\u00e1rio do pa\u00eds.<\/div>\n<div><\/div>\n","protected":false},"excerpt":{"rendered":"<p>O relator do projeto de lei (PL-6726\/2016) que regulamenta o teto salarial dos servidores p\u00fablicos, deputado Rubens Bueno, abriu m\u00e3o, nesta segunda-feira (26), do aux\u00edlio-moradia a que tem direito como parlamentar. O relator tamb\u00e9m pretende apresentar uma Proposta de Emenda \u00e0 Constitui\u00e7\u00e3o (PEC) para acabar com as \u201cf\u00e9rias\u201d de dois meses no Judici\u00e1rio do pa\u00eds O of\u00edcio em que dispensa [&hellip;]<\/p>\n","protected":false},"author":27,"featured_media":0,"comment_status":"open","ping_status":"closed","sticky":false,"template":"","format":"standard","meta":{"footnotes":""},"categories":[2719],"tags":[8445,343,386,1133,1378,2114,2032,64,344,1949,4408,10,11401,1678,8133,151,1069,829,2156,8020,11399,1235,4303,6979,3169,1559,18,11400,58,34,642,1322,5777,259],"class_list":["post-8306","post","type-post","status-publish","format-standard","hentry","category-servidor","tag-abate-teto","tag-auxilio-moradia","tag-beneficio","tag-dialogo","tag-dispensa","tag-extincao","tag-ferias","tag-judiciario","tag-juizes","tag-julgamento","tag-legalidade","tag-legislativo","tag-mesa-da-camara-dos-deputados","tag-missao","tag-oficio","tag-pagamento","tag-parecer","tag-parlamentar","tag-pec","tag-pl-67262016","tag-porojeto","tag-procuradores","tag-promotores","tag-recebimento","tag-relator","tag-remuneratoria","tag-salarial","tag-secetaria-geral","tag-servidores","tag-stf","tag-teto","tag-texto","tag-transformacao","tag-verba"],"_links":{"self":[{"href":"https:\/\/blogs.correiobraziliense.com.br\/servidor\/wp-json\/wp\/v2\/posts\/8306","targetHints":{"allow":["GET"]}}],"collection":[{"href":"https:\/\/blogs.correiobraziliense.com.br\/servidor\/wp-json\/wp\/v2\/posts"}],"about":[{"href":"https:\/\/blogs.correiobraziliense.com.br\/servidor\/wp-json\/wp\/v2\/types\/post"}],"author":[{"embeddable":true,"href":"https:\/\/blogs.correiobraziliense.com.br\/servidor\/wp-json\/wp\/v2\/users\/27"}],"replies":[{"embeddable":true,"href":"https:\/\/blogs.correiobraziliense.com.br\/servidor\/wp-json\/wp\/v2\/comments?post=8306"}],"version-history":[{"count":1,"href":"https:\/\/blogs.correiobraziliense.com.br\/servidor\/wp-json\/wp\/v2\/posts\/8306\/revisions"}],"predecessor-version":[{"id":8307,"href":"https:\/\/blogs.correiobraziliense.com.br\/servidor\/wp-json\/wp\/v2\/posts\/8306\/revisions\/8307"}],"wp:attachment":[{"href":"https:\/\/blogs.correiobraziliense.com.br\/servidor\/wp-json\/wp\/v2\/media?parent=8306"}],"wp:term":[{"taxonomy":"category","embeddable":true,"href":"https:\/\/blogs.correiobraziliense.com.br\/servidor\/wp-json\/wp\/v2\/categories?post=8306"},{"taxonomy":"post_tag","embeddable":true,"href":"https:\/\/blogs.correiobraziliense.com.br\/servidor\/wp-json\/wp\/v2\/tags?post=8306"}],"curies":[{"name":"wp","href":"https:\/\/api.w.org\/{rel}","templated":true}]}}