{"id":8299,"date":"2018-02-26T14:09:39","date_gmt":"2018-02-26T17:09:39","guid":{"rendered":"https:\/\/blogs.correiobraziliense.com.br\/servidor\/?p=8299"},"modified":"2018-02-26T14:13:19","modified_gmt":"2018-02-26T17:13:19","slug":"novo-refis-compromete-contas-publicas-devedores-que-aderiram-ao-ultimo-programa-ja-deram-calote-de-r-31-bilhoes","status":"publish","type":"post","link":"https:\/\/blogs.correiobraziliense.com.br\/servidor\/novo-refis-compromete-contas-publicas-devedores-que-aderiram-ao-ultimo-programa-ja-deram-calote-de-r-31-bilhoes\/","title":{"rendered":"Novo Refis compromete contas p\u00fablicas. Devedores que aderiram ao \u00faltimo programa j\u00e1 deram calote de R$ 3,1 bilh\u00f5es, denuncia Anafe"},"content":{"rendered":"<p><em><span style=\"font-family: arial, helvetica, sans-serif\">Aumento de inadimpl\u00eancia no parcelamento devido ao \u00faltimo Refis j\u00e1 havia sido alertado pela Associa\u00e7\u00e3o de Advogados P\u00fablicos Federais (Anafe). Entidade classifica o programa como &#8220;medida pr\u00f3-sonega\u00e7\u00e3o&#8221;<\/span><\/em><\/p>\n<p><span style=\"font-family: arial, helvetica, sans-serif\">Desde a apresenta\u00e7\u00e3o do Programa Especial de Regulariza\u00e7\u00e3o Tribut\u00e1ria, o Novo Refis, a Associa\u00e7\u00e3o Nacional dos Advogados P\u00fablicos Federais (Anafe), maior entidade representativa das carreiras da Advocacia-Geral da Uni\u00e3o (AGU) se foi contra a iniciativa.\u00a0<\/span><\/p>\n<p><span style=\"font-family: arial, helvetica, sans-serif\">De acordo com a Anafe, dados do \u00faltimo programa revelaram \u201ccalote\u201d de R$ 3,1 bilh\u00f5es. \u201cOs maiores benefici\u00e1rios foram grandes devedores que possuem capacidade de pagamento, e que por isso nem deveriam ser o p\u00fablico-alvo dos programas. Estas empresas incluem os parcelamentos em seu planejamento tribut\u00e1rio criando uma cultura de inadimplemento lucrativo\u201d, afirma o presidente da Anafe, Marcelino Rodrigues.\u00a0<\/span><\/p>\n<p><span style=\"font-family: arial, helvetica, sans-serif\">Em outubro de 2017, a Associa\u00e7\u00e3o oficiou a Presid\u00eancia da Rep\u00fablica solicitando veto ao Refis. Al\u00e9m disso,\u00a0 diversas notas esclarecendo que a proposta s\u00f3 beneficiaria grandes empresas &#8211; algumas, inclusive, citadas na Opera\u00e7\u00e3o Lava-Jato &#8211; foram divulgadas amplamente.<\/span><\/p>\n<p><span style=\"font-family: arial, helvetica, sans-serif\">Na avalia\u00e7\u00e3o de Marcelino Rodrigues, a proposta se tornou uma \u2018medida pr\u00f3-sonega\u00e7\u00e3o\u2019. Ele destaca, entre v\u00e1rios prontos negativos, a inefetividade hist\u00f3rica de parcelamentos na medida em que o \u00edndice de contas liquidadas pelos parcelamentos \u00e9 baixo e a\u00a0 reincid\u00eancia de inadimpl\u00eancia \u00e9 alta.<\/span><\/p>\n<p><span style=\"font-family: arial, helvetica, sans-serif\">A Associa\u00e7\u00e3o critica, ainda, a insist\u00eancia em expedientes que j\u00e1 se mostraram de dif\u00edcil e custosa operacionaliza\u00e7\u00e3o entre os quais o uso de preju\u00edzo fiscal, de precat\u00f3rios e cr\u00e9ditos de terceiro, al\u00e9m de valor de parcela com base em percentual da receita.\u00a0<\/span><\/p>\n<p><span style=\"font-family: arial, helvetica, sans-serif\">Outro problema citado \u00e9 em rela\u00e7\u00e3o a ren\u00fancia de receita proposta pelo relat\u00f3rio que chega a 90% dos juros e corre\u00e7\u00e3o monet\u00e1ria, aumentando os ganhos com arbitragem e beneficiando grandes devedores com a desvaloriza\u00e7\u00e3o da moeda.<\/span><\/p>\n<p><span style=\"font-family: arial, helvetica, sans-serif\">O parcelamento de d\u00edvidas junto a autarquias e funda\u00e7\u00f5es, para as quais n\u00e3o havia qualquer estudo, tamb\u00e9m \u00e9 alvo de desaprova\u00e7\u00e3o. O presidente da Anafe afirma que: \u201cs\u00e3o d\u00edvidas de taxas e multas regulat\u00f3rias com diferentes fundamentos legais e express\u00f5es econ\u00f4micas cobradas por 159 entidades, o que torna ineficiente o custo de desenvolvimento de sistemas para concess\u00e3o de benef\u00edcios\u201d, enfatiza.<br \/>\n<\/span><\/p>\n","protected":false},"excerpt":{"rendered":"<p>Aumento de inadimpl\u00eancia no parcelamento devido ao \u00faltimo Refis j\u00e1 havia sido alertado pela Associa\u00e7\u00e3o de Advogados P\u00fablicos Federais (Anafe). Entidade classifica o programa como &#8220;medida pr\u00f3-sonega\u00e7\u00e3o&#8221; Desde a apresenta\u00e7\u00e3o do Programa Especial de Regulariza\u00e7\u00e3o Tribut\u00e1ria, o Novo Refis, a Associa\u00e7\u00e3o Nacional dos Advogados P\u00fablicos Federais (Anafe), maior entidade representativa das carreiras da Advocacia-Geral da Uni\u00e3o (AGU) se foi contra [&hellip;]<\/p>\n","protected":false},"author":27,"featured_media":0,"comment_status":"open","ping_status":"closed","sticky":false,"template":"","format":"standard","meta":{"footnotes":""},"categories":[2719],"tags":[3431,157,1234,75,980,5303,3790,55,4640,2278,11386,1839,167,11387,5675,3510,8803,4769,11269,1102,9220,1609,1496,1968,1407,11385,6210,667,1034,1019,1596,54,1633,461,6755,11388,3479,2716,4138],"class_list":["post-8299","post","type-post","status-publish","format-standard","hentry","category-servidor","tag-aderiram","tag-agu","tag-anafe","tag-aumento","tag-beneficiarios","tag-calote","tag-capacidade","tag-carreiras","tag-compromete","tag-contas","tag-correcao-monetaria","tag-creditos","tag-dados","tag-desaprovacaotaxas","tag-desvalorizacao","tag-devedores","tag-fundamentos","tag-inadimplencia","tag-ineficiente","tag-juros","tag-lucrativo","tag-moeda","tag-multas","tag-notas","tag-operacao-lava-jato","tag-pagmento","tag-parcela","tag-parcelamento","tag-precatorios","tag-prejuizo","tag-programa","tag-proposta","tag-publicas","tag-receita","tag-refis","tag-regulatorias","tag-reincidencia","tag-renuncia","tag-tributario"],"_links":{"self":[{"href":"https:\/\/blogs.correiobraziliense.com.br\/servidor\/wp-json\/wp\/v2\/posts\/8299","targetHints":{"allow":["GET"]}}],"collection":[{"href":"https:\/\/blogs.correiobraziliense.com.br\/servidor\/wp-json\/wp\/v2\/posts"}],"about":[{"href":"https:\/\/blogs.correiobraziliense.com.br\/servidor\/wp-json\/wp\/v2\/types\/post"}],"author":[{"embeddable":true,"href":"https:\/\/blogs.correiobraziliense.com.br\/servidor\/wp-json\/wp\/v2\/users\/27"}],"replies":[{"embeddable":true,"href":"https:\/\/blogs.correiobraziliense.com.br\/servidor\/wp-json\/wp\/v2\/comments?post=8299"}],"version-history":[{"count":2,"href":"https:\/\/blogs.correiobraziliense.com.br\/servidor\/wp-json\/wp\/v2\/posts\/8299\/revisions"}],"predecessor-version":[{"id":8301,"href":"https:\/\/blogs.correiobraziliense.com.br\/servidor\/wp-json\/wp\/v2\/posts\/8299\/revisions\/8301"}],"wp:attachment":[{"href":"https:\/\/blogs.correiobraziliense.com.br\/servidor\/wp-json\/wp\/v2\/media?parent=8299"}],"wp:term":[{"taxonomy":"category","embeddable":true,"href":"https:\/\/blogs.correiobraziliense.com.br\/servidor\/wp-json\/wp\/v2\/categories?post=8299"},{"taxonomy":"post_tag","embeddable":true,"href":"https:\/\/blogs.correiobraziliense.com.br\/servidor\/wp-json\/wp\/v2\/tags?post=8299"}],"curies":[{"name":"wp","href":"https:\/\/api.w.org\/{rel}","templated":true}]}}