{"id":8292,"date":"2018-02-23T17:25:33","date_gmt":"2018-02-23T20:25:33","guid":{"rendered":"https:\/\/blogs.correiobraziliense.com.br\/servidor\/?p=8292"},"modified":"2018-02-23T17:25:33","modified_gmt":"2018-02-23T20:25:33","slug":"anasps-desmente-governo-e-garante-que-receitas-do-inss-cresceram-em-2016-e-2017","status":"publish","type":"post","link":"https:\/\/blogs.correiobraziliense.com.br\/servidor\/anasps-desmente-governo-e-garante-que-receitas-do-inss-cresceram-em-2016-e-2017\/","title":{"rendered":"Anasps desmente governo e garante que receitas do INSS cresceram em 2016 e 2017"},"content":{"rendered":"<p><em>Para a Associa\u00e7\u00e3o Nacional dos Servidores da Previd\u00eancia e Assist\u00eancia Social (Anasps), a arrecada\u00e7\u00e3o aumentou, apesar da &#8220;reforma frankenstein, da sonega\u00e7\u00e3o, das ren\u00fancias, Refis, desonera\u00e7\u00f5es e DRU&#8221;<\/em><\/p>\n<p class=\"m_5550384907431583007MsoNoSpacing\">As receitas do INSS cresceram 5,84%, em 2016, alcan\u00e7ando R$ 323,4 bilh\u00f5es, e 5,04%, em 2017, atingindo R$ 339,7 bilh\u00f5es, considerada \u201ca evolu\u00e7\u00e3o do valor arrecadado pela Previd\u00eancia Social, por meio de empresas e entidades equiparadas, contribuintes individuais e outras (d\u00e9bito administrativo, cr\u00e9dito judicial, parcelamento administrativo e judicial, patrim\u00f4nio, devolu\u00e7\u00e3o de benef\u00edcios e ignorada), de acordo com o presidente da Anasps, Paulo C\u00e9sar R\u00e9gis de Souza. Ele explicou que &#8220;a orquestra\u00e7\u00e3o de que a Previd\u00eancia estava quebrada feita pelos arautos da \u201creforma frankenstein\u201d \u00e9 parte do marketing da trag\u00e9dia grega criada pelo governo&#8221;.<\/p>\n<p class=\"m_5550384907431583007MsoNoSpacing\">Essa situa\u00e7\u00e3o de super\u00e1vit s\u00f3 \u00e9 poss\u00edvel, de acordo com R\u00e9gis de Souza, porque porque 70% da arrecada\u00e7\u00e3o previdenci\u00e1ria \u00e9 de fonte, ou seja, h\u00e1 uma forte consci\u00eancia do empresariado que deve pagar o INSS. O que n\u00e3o \u00e9 de fonte, \u00e9 declarat\u00f3rio e acaba caindo na divida administrativa, gerenciada pela Receita Federal, e na divida ativa, &#8220;pessimamente administrada pela Procuradoria-Geral da Fazenda Nacional (PGFN)&#8221;.<\/p>\n<p class=\"m_5550384907431583007MsoNoSpacing\">Citando dados do DatAnasps, o centro de dados previdenci\u00e1rios da Anasps, ele acrescentou que s\u00f3 n\u00e3o houve amplo super\u00e1vit, mesmo considerando o fluxo de caixa do INSS, porque a sonega\u00e7\u00e3o foi monstruosa, de 30% receita l\u00edquida, ou R$ 374,7 bilh\u00f5es, al\u00e9m dos cerca de R$ 121 bilh\u00f5es e mais R$ 43,7 bilh\u00f5es de ren\u00fancias contributivas \u00e0s \u201cpilantr\u00f3picas\u201d, Simples, MEI, exporta\u00e7\u00f5es rurais. Mais de R$ 30 bilh\u00f5es de desonera\u00e7\u00f5es que o Congresso se recusou a acabar. E R$ 100 bilh\u00f5es de Refis para Estados e Munic\u00edpios, R$ 20 bilh\u00f5es de Refis para o Funrural, R$ 50bilh\u00f5es de Refis para grandes empresas e bancos, al\u00e9m da baix\u00edssima arrecada\u00e7\u00e3o rural de\u00a0 apenas R$ 9,3 bilh\u00f5es para uma despesa de R$ 117,1 bilh\u00f5es.<\/p>\n<p class=\"m_5550384907431583007MsoNoSpacing\">O d\u00e9ficit no fluxo de caixa do INSS, trombeteado pelo governo em R$ 182,4 bilh\u00f5es, lembrou, seria facilmente coberto se, ao inv\u00e9s de amea\u00e7ar o pa\u00eds, os segurados e os aposentados, o governo erradicasse a sonega\u00e7\u00e3o, a evas\u00e3o, fiscalizasse os devedores, cobrasse as dividas administrativa e ativa, eliminasse as renuncias e as desonera\u00e7\u00f5es, parasse de conceder benef\u00edcios sem cobertura atuarial, suspendesse os Refis. &#8220;Os brasileiros n\u00e3o sabem que o INSS n\u00e3o tem gest\u00e3o financeira, levada na marra para a Receita Federal. Os brasileiros n\u00e3o sabem que o Minist\u00e9rio da Fazenda se apropriou de toda a receita previdenci\u00e1ria, inclusive os R$ 750 bilh\u00f5es dos fundos de pens\u00e3o e os R$ 750 bilh\u00f5es dos planos de Previd\u00eancia. Proclamar que a Gr\u00e9cia esta aqui \u00e9 uma farsa grosseira&#8221;, garantiu Paulo C\u00e9sar R\u00e9gis de Souza.<\/p>\n<p class=\"m_5550384907431583007MsoNoSpacing\">Paulo C\u00e9sar defendeu que se fa\u00e7a uma reforma da Previd\u00eancia, come\u00e7ando pela revis\u00e3o do seu financiamento. \u201cO RGPS \u00e9 vi\u00e1vel e financi\u00e1vel, se tiver uma gest\u00e3o profissional e n\u00e3o estivesse a servi\u00e7o dos caloteiros e inimigos da Previd\u00eancia Social\u201d, sentenciou.<\/p>\n","protected":false},"excerpt":{"rendered":"<p>Para a Associa\u00e7\u00e3o Nacional dos Servidores da Previd\u00eancia e Assist\u00eancia Social (Anasps), a arrecada\u00e7\u00e3o aumentou, apesar da &#8220;reforma frankenstein, da sonega\u00e7\u00e3o, das ren\u00fancias, Refis, desonera\u00e7\u00f5es e DRU&#8221; As receitas do INSS cresceram 5,84%, em 2016, alcan\u00e7ando R$ 323,4 bilh\u00f5es, e 5,04%, em 2017, atingindo R$ 339,7 bilh\u00f5es, considerada \u201ca evolu\u00e7\u00e3o do valor arrecadado pela Previd\u00eancia Social, por meio de empresas [&hellip;]<\/p>\n","protected":false},"author":27,"featured_media":0,"comment_status":"open","ping_status":"closed","sticky":false,"template":"","format":"standard","meta":{"footnotes":""},"categories":[2719],"tags":[7016,337,345,946,2486,852,1149,6807,100,11372,2576,11374,2588,3510,3488,3867,390,73,6200,5423,98,11,951,667,1454,284,11371,294,9727,522,1750,11373],"class_list":["post-8292","post","type-post","status-publish","format-standard","hentry","category-servidor","tag-administrativo","tag-anasps","tag-aposentados","tag-arrecadacao","tag-atuarial","tag-beneficios","tag-caixa","tag-cobertura","tag-congresso","tag-cresceram","tag-debito","tag-declaratoro","tag-desmente","tag-devedores","tag-devolucao","tag-empresariado","tag-empresas","tag-entidades","tag-evasao","tag-funrural","tag-governo","tag-inss","tag-judicial","tag-parcelamento","tag-patrimonio","tag-pgfn","tag-receiras","tag-receita-federal","tag-reforma-da-previdencia","tag-segurados","tag-sonegacao","tag-tragedia"],"_links":{"self":[{"href":"https:\/\/blogs.correiobraziliense.com.br\/servidor\/wp-json\/wp\/v2\/posts\/8292","targetHints":{"allow":["GET"]}}],"collection":[{"href":"https:\/\/blogs.correiobraziliense.com.br\/servidor\/wp-json\/wp\/v2\/posts"}],"about":[{"href":"https:\/\/blogs.correiobraziliense.com.br\/servidor\/wp-json\/wp\/v2\/types\/post"}],"author":[{"embeddable":true,"href":"https:\/\/blogs.correiobraziliense.com.br\/servidor\/wp-json\/wp\/v2\/users\/27"}],"replies":[{"embeddable":true,"href":"https:\/\/blogs.correiobraziliense.com.br\/servidor\/wp-json\/wp\/v2\/comments?post=8292"}],"version-history":[{"count":1,"href":"https:\/\/blogs.correiobraziliense.com.br\/servidor\/wp-json\/wp\/v2\/posts\/8292\/revisions"}],"predecessor-version":[{"id":8293,"href":"https:\/\/blogs.correiobraziliense.com.br\/servidor\/wp-json\/wp\/v2\/posts\/8292\/revisions\/8293"}],"wp:attachment":[{"href":"https:\/\/blogs.correiobraziliense.com.br\/servidor\/wp-json\/wp\/v2\/media?parent=8292"}],"wp:term":[{"taxonomy":"category","embeddable":true,"href":"https:\/\/blogs.correiobraziliense.com.br\/servidor\/wp-json\/wp\/v2\/categories?post=8292"},{"taxonomy":"post_tag","embeddable":true,"href":"https:\/\/blogs.correiobraziliense.com.br\/servidor\/wp-json\/wp\/v2\/tags?post=8292"}],"curies":[{"name":"wp","href":"https:\/\/api.w.org\/{rel}","templated":true}]}}