{"id":8290,"date":"2018-02-23T13:16:38","date_gmt":"2018-02-23T16:16:38","guid":{"rendered":"https:\/\/blogs.correiobraziliense.com.br\/servidor\/?p=8290"},"modified":"2018-02-23T13:16:38","modified_gmt":"2018-02-23T16:16:38","slug":"secretaria-do-patrimonio-da-uniao-acelera-regularizacao-de-condominios-no-df","status":"publish","type":"post","link":"https:\/\/blogs.correiobraziliense.com.br\/servidor\/secretaria-do-patrimonio-da-uniao-acelera-regularizacao-de-condominios-no-df\/","title":{"rendered":"Secretaria do Patrim\u00f4nio da Uni\u00e3o acelera regulariza\u00e7\u00e3o de condom\u00ednios no DF"},"content":{"rendered":"<div style=\"text-align: left\" align=\"center\"><em>Termo de coopera\u00e7\u00e3o assinado esta semana tem como objetivo regularizar a ocupa\u00e7\u00e3o de 727 fam\u00edlias em Sobradinho. A pr\u00f3xima etapa ser\u00e1 um plano de trabalho conjunto, entre a associa\u00e7\u00e3o e a SPU, com a cria\u00e7\u00e3o de um comit\u00ea gestor que ser\u00e1 respons\u00e1vel pelas a\u00e7\u00f5es com vistas \u00e0 regulariza\u00e7\u00e3o<\/em><\/div>\n<div style=\"text-align: left\" align=\"center\"><\/div>\n<div style=\"text-align: left\" align=\"center\">\n<div align=\"justify\">A Secretaria do Patrim\u00f4nio da Uni\u00e3o (SPU), do Minist\u00e9rio do Planejamento, Desenvolvimento e Gest\u00e3o informou que, na\u00a0quinta-feira (22), iniciou o processo de regulariza\u00e7\u00e3o do Condom\u00ednio Vivendas Bela Vista, em Sobradinho, no Distrito Federal. Foi firmado um acordo de coopera\u00e7\u00e3o t\u00e9cnica com a Associa\u00e7\u00e3o dos Moradores do condom\u00ednio para a venda dos terrenos aos 727 ocupantes. Tamb\u00e9m est\u00e1 em curso a regulariza\u00e7\u00e3o do Condom\u00ednio Vivendas Lago Azul, na regi\u00e3o de Sobradinho. Os dois condom\u00ednios abrigam atualmente 901 fam\u00edlias.<\/div>\n<\/div>\n<div style=\"text-align: left\" align=\"center\"><\/div>\n<div align=\"center\">\n<div style=\"text-align: left\" align=\"justify\">\u201cA assinatura desse termo de coopera\u00e7\u00e3o \u00e9 o primeiro passo para regularizar essas ocupa\u00e7\u00f5es, que j\u00e1 est\u00e3o consolidadas, em terrenos da Uni\u00e3o, e que se arrastam h\u00e1 muitos anos. Nosso trabalho vai dar cidadania e seguran\u00e7a jur\u00eddica a essas fam\u00edlias. Ser\u00e1 a realiza\u00e7\u00e3o de um sonho\u201d, afirmou o secret\u00e1rio do Patrim\u00f4nio da Uni\u00e3o, Sidrack Correia.<\/div>\n<div style=\"text-align: left\" align=\"justify\"><\/div>\n<div style=\"text-align: left\" align=\"justify\">A pr\u00f3xima etapa ser\u00e1 um plano de trabalho conjunto, entre a associa\u00e7\u00e3o e a SPU, com a cria\u00e7\u00e3o de um comit\u00ea gestor que ser\u00e1 respons\u00e1vel pelas a\u00e7\u00f5es com vistas \u00e0 regulariza\u00e7\u00e3o. \u00a0Ser\u00e3o necess\u00e1rios um projeto urban\u00edstico para o local e licenciamento ambiental para a \u00e1rea, destaca o \u00f3rg\u00e3o.<\/div>\n<div style=\"text-align: left\" align=\"justify\"><\/div>\n<div style=\"text-align: left\" align=\"justify\">De acordo com o Planejamento, o\u00a0 presidente da Associa\u00e7\u00e3o dos Moradores do Condom\u00ednio Bela Vista, Clerton George, comemorou a assinatura do termo de coopera\u00e7\u00e3o. \u201c\u00c9 muito tempo lutando por essa regulariza\u00e7\u00e3o. E agora, com a atua\u00e7\u00e3o da SPU, estamos certos de que esse processo chegar\u00e1 ao fim. A grande maioria dos ocupantes sonha em adquirir o seu lote\u201d, explica Clerton George. Al\u00e9m dele, assinou o termo de coopera\u00e7\u00e3o o s\u00edndico do Vivendas Bela Vista, Wilson Parejas. \u201c\u00c9 um momento muito importante para todos n\u00f3s. Em mar\u00e7o, completa-se 21 anos que descobrimos que a \u00e1rea que estamos ocupando \u00e9 da Uni\u00e3o e s\u00f3 agora temos a esperan\u00e7a de ver nosso desejo se concretizar\u201d, diz Parejas.<\/div>\n<div style=\"text-align: left\" align=\"justify\"><\/div>\n<div style=\"text-align: left\" align=\"justify\">Uma das primeiras a\u00e7\u00f5es a serem iniciadas, ainda neste trimestre, ser\u00e1 o cadastramento de todos os ocupantes dos terrenos no Bela Vista. A partir desse cadastramento ser\u00e1 poss\u00edvel fazer a transfer\u00eancia das inscri\u00e7\u00f5es de ocupa\u00e7\u00e3o, que hoje est\u00e1 em nome do condom\u00ednio, para os 727 moradores.<\/div>\n<div style=\"text-align: left\" align=\"justify\"><\/div>\n<div style=\"text-align: left\" align=\"justify\">A \u00faltima etapa ser\u00e1 a abertura de licita\u00e7\u00e3o para a venda dos lotes. Isso dever\u00e1 ocorrer ap\u00f3s o registro do parcelamento no cart\u00f3rio de im\u00f3veis.<\/div>\n<div style=\"text-align: left\" align=\"justify\"><\/div>\n<div style=\"text-align: left\"><strong>Lago Azul<\/strong><\/div>\n<div style=\"text-align: left\"><\/div>\n<div style=\"text-align: left\">O processo de regulariza\u00e7\u00e3o do Condom\u00ednio Lago Azul, iniciado em setembro do ano passado, est\u00e1 adiantado. Em meados de mar\u00e7o dever\u00e1 estar conclu\u00edda a transfer\u00eancia das inscri\u00e7\u00f5es de ocupa\u00e7\u00e3o dos terrenos para os 174 ocupantes. Com a conclus\u00e3o do projeto urban\u00edstico, previsto tamb\u00e9m para mar\u00e7o, ser\u00e1 poss\u00edvel o registro do parcelamento no cart\u00f3rio e ser\u00e1 dado in\u00edcio ao processo de venda dos lotes.\u200b<\/div>\n<\/div>\n","protected":false},"excerpt":{"rendered":"<p>Termo de coopera\u00e7\u00e3o assinado esta semana tem como objetivo regularizar a ocupa\u00e7\u00e3o de 727 fam\u00edlias em Sobradinho. A pr\u00f3xima etapa ser\u00e1 um plano de trabalho conjunto, entre a associa\u00e7\u00e3o e a SPU, com a cria\u00e7\u00e3o de um comit\u00ea gestor que ser\u00e1 respons\u00e1vel pelas a\u00e7\u00f5es com vistas \u00e0 regulariza\u00e7\u00e3o A Secretaria do Patrim\u00f4nio da Uni\u00e3o (SPU), do Minist\u00e9rio do Planejamento, Desenvolvimento [&hellip;]<\/p>\n","protected":false},"author":27,"featured_media":0,"comment_status":"open","ping_status":"closed","sticky":false,"template":"","format":"standard","meta":{"footnotes":""},"categories":[2719],"tags":[9386,11368,11370,7097,10017,1798,1178,68,4898,781,2890,10191,141,9481,101,627,11367,208,9722,624,369,8248,5528,3976,330,11369],"class_list":["post-8290","post","type-post","status-publish","format-standard","hentry","category-servidor","tag-ambiental","tag-associacao-de-moradores","tag-cadastramento","tag-comite-gestor","tag-condominios","tag-consolidadas","tag-cooperacao","tag-df","tag-familias","tag-inscricoes","tag-juridica","tag-licenciamento","tag-ministerio-do-planejamento","tag-ocupacoes","tag-projeto","tag-regularizacao","tag-secretaria-de-patrimonio","tag-seguranca","tag-sobradinho","tag-spu","tag-tecnica","tag-termo","tag-terrenos","tag-transferencias","tag-uniao","tag-urbanistico"],"_links":{"self":[{"href":"https:\/\/blogs.correiobraziliense.com.br\/servidor\/wp-json\/wp\/v2\/posts\/8290","targetHints":{"allow":["GET"]}}],"collection":[{"href":"https:\/\/blogs.correiobraziliense.com.br\/servidor\/wp-json\/wp\/v2\/posts"}],"about":[{"href":"https:\/\/blogs.correiobraziliense.com.br\/servidor\/wp-json\/wp\/v2\/types\/post"}],"author":[{"embeddable":true,"href":"https:\/\/blogs.correiobraziliense.com.br\/servidor\/wp-json\/wp\/v2\/users\/27"}],"replies":[{"embeddable":true,"href":"https:\/\/blogs.correiobraziliense.com.br\/servidor\/wp-json\/wp\/v2\/comments?post=8290"}],"version-history":[{"count":1,"href":"https:\/\/blogs.correiobraziliense.com.br\/servidor\/wp-json\/wp\/v2\/posts\/8290\/revisions"}],"predecessor-version":[{"id":8291,"href":"https:\/\/blogs.correiobraziliense.com.br\/servidor\/wp-json\/wp\/v2\/posts\/8290\/revisions\/8291"}],"wp:attachment":[{"href":"https:\/\/blogs.correiobraziliense.com.br\/servidor\/wp-json\/wp\/v2\/media?parent=8290"}],"wp:term":[{"taxonomy":"category","embeddable":true,"href":"https:\/\/blogs.correiobraziliense.com.br\/servidor\/wp-json\/wp\/v2\/categories?post=8290"},{"taxonomy":"post_tag","embeddable":true,"href":"https:\/\/blogs.correiobraziliense.com.br\/servidor\/wp-json\/wp\/v2\/tags?post=8290"}],"curies":[{"name":"wp","href":"https:\/\/api.w.org\/{rel}","templated":true}]}}