{"id":8283,"date":"2018-02-22T19:32:54","date_gmt":"2018-02-22T22:32:54","guid":{"rendered":"https:\/\/blogs.correiobraziliense.com.br\/servidor\/?p=8283"},"modified":"2018-02-22T19:32:55","modified_gmt":"2018-02-22T22:32:55","slug":"sindipoldf-nota-de-apoio-ricardo-balestreri-para-o-ministerio-da-seguranca-publica","status":"publish","type":"post","link":"https:\/\/blogs.correiobraziliense.com.br\/servidor\/sindipoldf-nota-de-apoio-ricardo-balestreri-para-o-ministerio-da-seguranca-publica\/","title":{"rendered":"Sindipol\/DF &#8211; Nota de apoio a Ricardo Balestreri para o Minist\u00e9rio da Seguran\u00e7a P\u00fablica"},"content":{"rendered":"<p><em>O Sindicato dos Policiais Federais do Distrito Federal (Sindipol\/DF) manifesta apoio ao nome de Ricardo Balestreri para ministro extraordin\u00e1rio de Seguran\u00e7a P\u00fablica, pasta que deve ter sua cria\u00e7\u00e3o oficializada pelo Executivo nos pr\u00f3ximos dias. &#8220;O Sindipol\/DF acredita que Balestreri \u00e9 um nome de peso para conduzir o cargo e representar os policiais federais brasileiros na busca por um modelo de seguran\u00e7a p\u00fablica moderno e eficiente&#8221;, enfatiza a nota<br \/>\n<\/em><\/p>\n<p>Ricardo Balestreri foi secret\u00e1rio Nacional de Seguran\u00e7a P\u00fablica entre 2008 e 2010. Atualmente, \u00e9 secret\u00e1rio de assuntos estrat\u00e9gicos no Governo de Goi\u00e1s, onde tamb\u00e9m j\u00e1 ocupou o cargo de secret\u00e1rio de seguran\u00e7a, aponta o sindicato.<\/p>\n<p>Foi presidente da se\u00e7\u00e3o brasileira da Anistia Internacional; e participou do grupo que formatou o Programa Nacional de Seguran\u00e7a P\u00fablica com Cidadania (Pronasci).<\/p>\n<p>Atuou por tr\u00eas anos como diretor de Ensino e Pesquisa da Secretaria Nacional de Seguran\u00e7a P\u00fablica (Senasp), onde foi respons\u00e1vel pela cria\u00e7\u00e3o da Rede Nacional de Altos Estudos em Seguran\u00e7a P\u00fablica (Renaesp) \u2013 que ofereceu cursos de p\u00f3s-gradua\u00e7\u00e3o a dist\u00e2ncia para mais de 130 mil policiais.<\/p>\n<p>&#8220;O Sindipol\/DF acredita que Balestreri \u00e9 um nome de peso para conduzir o cargo e representar os policiais federais brasileiros na busca por um modelo de seguran\u00e7a p\u00fablica moderno e eficiente&#8221;, assinala a entidade sindical.<\/p>\n","protected":false},"excerpt":{"rendered":"<p>O Sindicato dos Policiais Federais do Distrito Federal (Sindipol\/DF) manifesta apoio ao nome de Ricardo Balestreri para ministro extraordin\u00e1rio de Seguran\u00e7a P\u00fablica, pasta que deve ter sua cria\u00e7\u00e3o oficializada pelo Executivo nos pr\u00f3ximos dias. &#8220;O Sindipol\/DF acredita que Balestreri \u00e9 um nome de peso para conduzir o cargo e representar os policiais federais brasileiros na busca por um modelo de [&hellip;]<\/p>\n","protected":false},"author":27,"featured_media":0,"comment_status":"open","ping_status":"closed","sticky":false,"template":"","format":"standard","meta":{"footnotes":""},"categories":[2719],"tags":[792,300,2112,4150,9,11363,565,1199,8293,5763,11364,1114],"class_list":["post-8283","post","type-post","status-publish","format-standard","hentry","category-servidor","tag-apoio","tag-cargo","tag-criacao","tag-eficiente","tag-executivo","tag-ministerio-seguranca-publica","tag-modelo","tag-moderno","tag-pasta","tag-policiais-federais","tag-representar","tag-sindipoldf"],"_links":{"self":[{"href":"https:\/\/blogs.correiobraziliense.com.br\/servidor\/wp-json\/wp\/v2\/posts\/8283","targetHints":{"allow":["GET"]}}],"collection":[{"href":"https:\/\/blogs.correiobraziliense.com.br\/servidor\/wp-json\/wp\/v2\/posts"}],"about":[{"href":"https:\/\/blogs.correiobraziliense.com.br\/servidor\/wp-json\/wp\/v2\/types\/post"}],"author":[{"embeddable":true,"href":"https:\/\/blogs.correiobraziliense.com.br\/servidor\/wp-json\/wp\/v2\/users\/27"}],"replies":[{"embeddable":true,"href":"https:\/\/blogs.correiobraziliense.com.br\/servidor\/wp-json\/wp\/v2\/comments?post=8283"}],"version-history":[{"count":1,"href":"https:\/\/blogs.correiobraziliense.com.br\/servidor\/wp-json\/wp\/v2\/posts\/8283\/revisions"}],"predecessor-version":[{"id":8284,"href":"https:\/\/blogs.correiobraziliense.com.br\/servidor\/wp-json\/wp\/v2\/posts\/8283\/revisions\/8284"}],"wp:attachment":[{"href":"https:\/\/blogs.correiobraziliense.com.br\/servidor\/wp-json\/wp\/v2\/media?parent=8283"}],"wp:term":[{"taxonomy":"category","embeddable":true,"href":"https:\/\/blogs.correiobraziliense.com.br\/servidor\/wp-json\/wp\/v2\/categories?post=8283"},{"taxonomy":"post_tag","embeddable":true,"href":"https:\/\/blogs.correiobraziliense.com.br\/servidor\/wp-json\/wp\/v2\/tags?post=8283"}],"curies":[{"name":"wp","href":"https:\/\/api.w.org\/{rel}","templated":true}]}}