{"id":8279,"date":"2018-02-22T18:15:48","date_gmt":"2018-02-22T21:15:48","guid":{"rendered":"https:\/\/blogs.correiobraziliense.com.br\/servidor\/?p=8279"},"modified":"2018-02-22T18:15:48","modified_gmt":"2018-02-22T21:15:48","slug":"ajufe-nota-de-esclarecimento-sobre-o-auxilio-moradia","status":"publish","type":"post","link":"https:\/\/blogs.correiobraziliense.com.br\/servidor\/ajufe-nota-de-esclarecimento-sobre-o-auxilio-moradia\/","title":{"rendered":"Ajufe &#8211; nota de esclarecimento sobre o aux\u00edlio-moradia"},"content":{"rendered":"<p><em>A Associa\u00e7\u00e3o dos Ju\u00edzes Federais do Brasil (Ajufe) esclarece que defende tratamento igualit\u00e1rio para toda a magistratura, mas n\u00e3o aceita que o julgamento de quais a\u00e7\u00f5es atinja somente a classe e a diferencie dos demais segmento do judici\u00e1rio. &#8220;\u201cTodos s\u00e3o iguais perante a lei, sem distin\u00e7\u00e3o de qualquer natureza (&#8230;)\u201d diz nossa Constitui\u00e7\u00e3o (art. 5\u00ba), e assim todos queremos e devemos ser tratados&#8221;, destaca<\/em><\/p>\n<p>Veja a nota:<\/p>\n<p>&#8220;1) A Ajufe defende um tratamento justo e igualit\u00e1rio para toda a Magistratura Nacional. A remunera\u00e7\u00e3o dos ju\u00edzes deve ser transparente, devendo ser acess\u00edvel a todo cidad\u00e3o brasileiro, e condizente com a responsabilidade do trabalho exercido, sempre de acordo com a Constitui\u00e7\u00e3o e as leis nacionais;<\/p>\n<p>2) O Supremo Tribunal Federal incluiu na pauta de julgamentos do dia 22\/03\/2018 a A\u00e7\u00e3o Ordin\u00e1ria n.\u00ba 1.773, que trata acerca do recebimento do aux\u00edlio-moradia pelos magistrados. Entretanto, deixou de incluir em pauta de julgamento a A\u00e7\u00e3o Direta de Inconstitucionalidade &#8211; ADI n.\u00ba 4.393, que trata da Lei dos \u201cFatos Funcionais da Magistratura do Estado do Rio de Janeiro\u201d, que servir\u00e1 para definir o que pode e o que n\u00e3o pode ser pago aos ju\u00edzes de todo o pa\u00eds, de forma clara, transparente e de acordo com os anseios de toda a popula\u00e7\u00e3o brasileira;<\/p>\n<p>3) Assim, a AJUFE, no presente momento, defende a inclus\u00e3o em pauta da A\u00e7\u00e3o Ordin\u00e1ria n.\u00ba 1.773 e o julgamento conjunto com a ADI n.\u00ba 4.393, para que sejam definidos, pelo STF, quais s\u00e3o os pagamentos legais e constitucionais devidos a todos os magistrados brasileiros (Ministros, Desembargadores e Ju\u00edzes), colocando uma resolu\u00e7\u00e3o definitiva nesta quest\u00e3o, que tanto atormenta a popula\u00e7\u00e3o e a opini\u00e3o p\u00fablica brasileiras;<\/p>\n<p>4) N\u00e3o basta apenas julgar as a\u00e7\u00f5es que tratam do aux\u00edlio-moradia, que atingir\u00e3o apenas os ju\u00edzes federais, deixando sem resolu\u00e7\u00e3o os diversos pagamentos realizados nos \u00e2mbitos dos demais segmentos do judici\u00e1rio;<\/p>\n<p>5) Os ju\u00edzes federais entraram no foco de poderosas for\u00e7as em raz\u00e3o de sua atua\u00e7\u00e3o imparcial e combativa contra a corrup\u00e7\u00e3o e as desmazelas perpetradas na Administra\u00e7\u00e3o P\u00fablica por alguns, independentemente de quem fossem, motivo pelo qual somente a eles busca-se minorar os direitos;<\/p>\n<p>6) Por essa raz\u00e3o, a Ajufe tem mobilizado todos os magistrados federais para que n\u00e3o deixem de exercer sua atividade judicante, de forma altiva e respons\u00e1vel, n\u00e3o aceitando tratamento diferenciado e depreciativo, inclusive de forma reflexa, atingindo a remunera\u00e7\u00e3o que lhe \u00e9 devida, como todo trabalhador brasileiro;<\/p>\n<p>7) \u201cTodos s\u00e3o iguais perante a lei, sem distin\u00e7\u00e3o de qualquer natureza (&#8230;)\u201d diz nossa Constitui\u00e7\u00e3o (art. 5\u00ba), e assim todos queremos e devemos ser tratados.&#8221;<\/p>\n<p>&nbsp;<\/p>\n","protected":false},"excerpt":{"rendered":"<p>A Associa\u00e7\u00e3o dos Ju\u00edzes Federais do Brasil (Ajufe) esclarece que defende tratamento igualit\u00e1rio para toda a magistratura, mas n\u00e3o aceita que o julgamento de quais a\u00e7\u00f5es atinja somente a classe e a diferencie dos demais segmento do judici\u00e1rio. &#8220;\u201cTodos s\u00e3o iguais perante a lei, sem distin\u00e7\u00e3o de qualquer natureza (&#8230;)\u201d diz nossa Constitui\u00e7\u00e3o (art. 5\u00ba), e assim todos queremos e [&hellip;]<\/p>\n","protected":false},"author":27,"featured_media":0,"comment_status":"open","ping_status":"closed","sticky":false,"template":"","format":"standard","meta":{"footnotes":""},"categories":[2719],"tags":[1231,6971,1405,343,1316,11355,2584,205,7723,322,2056,10809,7534,6277,64,11356,5032,2323,545,1620,1345,34,261,913,2247],"class_list":["post-8279","post","type-post","status-publish","format-standard","hentry","category-servidor","tag-acessivel","tag-administracao-publica","tag-ajufe","tag-auxilio-moradia","tag-cidadao","tag-combativa","tag-constituicao","tag-corrupcao","tag-distincao","tag-esclarecimento","tag-iguais","tag-igualitario","tag-imparcial","tag-inclusao","tag-judiciario","tag-jugamento","tag-leis","tag-magistratura","tag-populacao","tag-remuneracao","tag-responsabilidade","tag-stf","tag-trabalho","tag-transparente","tag-tratamento"],"_links":{"self":[{"href":"https:\/\/blogs.correiobraziliense.com.br\/servidor\/wp-json\/wp\/v2\/posts\/8279","targetHints":{"allow":["GET"]}}],"collection":[{"href":"https:\/\/blogs.correiobraziliense.com.br\/servidor\/wp-json\/wp\/v2\/posts"}],"about":[{"href":"https:\/\/blogs.correiobraziliense.com.br\/servidor\/wp-json\/wp\/v2\/types\/post"}],"author":[{"embeddable":true,"href":"https:\/\/blogs.correiobraziliense.com.br\/servidor\/wp-json\/wp\/v2\/users\/27"}],"replies":[{"embeddable":true,"href":"https:\/\/blogs.correiobraziliense.com.br\/servidor\/wp-json\/wp\/v2\/comments?post=8279"}],"version-history":[{"count":1,"href":"https:\/\/blogs.correiobraziliense.com.br\/servidor\/wp-json\/wp\/v2\/posts\/8279\/revisions"}],"predecessor-version":[{"id":8280,"href":"https:\/\/blogs.correiobraziliense.com.br\/servidor\/wp-json\/wp\/v2\/posts\/8279\/revisions\/8280"}],"wp:attachment":[{"href":"https:\/\/blogs.correiobraziliense.com.br\/servidor\/wp-json\/wp\/v2\/media?parent=8279"}],"wp:term":[{"taxonomy":"category","embeddable":true,"href":"https:\/\/blogs.correiobraziliense.com.br\/servidor\/wp-json\/wp\/v2\/categories?post=8279"},{"taxonomy":"post_tag","embeddable":true,"href":"https:\/\/blogs.correiobraziliense.com.br\/servidor\/wp-json\/wp\/v2\/tags?post=8279"}],"curies":[{"name":"wp","href":"https:\/\/api.w.org\/{rel}","templated":true}]}}