{"id":8273,"date":"2018-02-22T13:38:15","date_gmt":"2018-02-22T16:38:15","guid":{"rendered":"https:\/\/blogs.correiobraziliense.com.br\/servidor\/?p=8273"},"modified":"2018-02-22T13:38:15","modified_gmt":"2018-02-22T16:38:15","slug":"encontro-com-especialistas-de-seguranca-publica-discute-intervencao-federal","status":"publish","type":"post","link":"https:\/\/blogs.correiobraziliense.com.br\/servidor\/encontro-com-especialistas-de-seguranca-publica-discute-intervencao-federal\/","title":{"rendered":"Encontro com especialistas de seguran\u00e7a p\u00fablica discute interven\u00e7\u00e3o federal"},"content":{"rendered":"<p><em><span style=\"color: #000000;font-family: Calibri;font-size: medium\">O evento, da Arquidiocese do Rio de Janeiro, tem como objetivo esclarecer d\u00favidas sobre a interven\u00e7\u00e3o federal na \u00e1rea de seguran\u00e7a p\u00fablica do Estado do Rio<span class=\"Object\"> de Janeiro. Confirmada a presen\u00e7a do fundador do movimento Eu Acredito.Rio, \u00a0Sandro Capad\u00f3cia, que tamb\u00e9m foi v\u00edtima de viol\u00eancia. <\/span>Ele sobreviveu a cinco tiros em 1993 quando foi ao Rio, em f\u00e9rias \u2013 era jogador na Alemanha, no time <\/span>Wacker M\u00fcnchen<\/em><\/p>\n<p><span style=\"color: #000000;font-family: Calibri;font-size: medium\"><span id=\"OBJ_PREFIX_DWT810_com_zimbra_date\" class=\"Object\">Al\u00e9m do<\/span> fundador do movimento Eu Acredito.Rio &#8211; que conta com mais de 5 mil pessoas -, Sandro Capad\u00f3cia,\u00a0 na composi\u00e7\u00e3o da mesa estar\u00e3o o Cardeal <span id=\"OBJ_PREFIX_DWT817_com_zimbra_date\" class=\"Object\">Dom<\/span> Orani Jo\u00e3o Tempesta, arcebispo do Rio<span id=\"OBJ_PREFIX_DWT809_com_zimbra_date\" class=\"Object\"> de Janeiro<\/span>, o consultor de seguran\u00e7a e ex-secret\u00e1rio-executivo da Rio 2016, Marco Aur\u00e9lio Vieira, al\u00e9m dos demais l\u00edderes das mais variadas religi\u00f5es do Estado. <span style=\"color: #000000;font-family: Calibri;font-size: medium\">\u201cSem o engajamento das empresas trazendo oportunidades para os jovens, tenho receio que estes 10 meses de interven\u00e7\u00e3o possam ser apenas uma bolha. Todos n\u00f3s concordamos que o Rio precisa tamb\u00e9m de uma interven\u00e7\u00e3o social\u201d, assinala Capad\u00f3cia.<\/span><\/span><\/p>\n<p><span style=\"color: #000000;font-family: Calibri;font-size: medium\">Ele \u00e9 colaborador de diversas a\u00e7\u00f5es sociais da Coordenadoria de Projetos Especiais da Catedral Metropolitana no Rio e outras institui\u00e7\u00f5es como a Velha Guarda das Escolas de Samba e a Associa\u00e7\u00e3o Comercial e Industrial de Jacarepagu\u00e1, onde \u00e9 presidente do Comit\u00ea de Responsabilidade Social. Capad\u00f3cia tamb\u00e9m fez parte do movimento Novo Rio Antigo, que revitalizou o Bairro da Lapa e entorno e ainda esteve no projeto Integra\u00e7\u00e3o Carioca dentro das comunidades, com oportunidades para a m\u00e3o de obra local com diversas oficinas de capacita\u00e7\u00e3o laboral e de m\u00fasica.<\/span><\/p>\n<p><strong><span style=\"color: #000000;font-family: Calibri;font-size: medium\">Servi\u00e7o:<\/span><\/strong><\/p>\n<p><span style=\"color: #000000;font-family: Calibri;font-size: medium\">Encontro da \u00e1rea de seguran\u00e7a p\u00fablica do Estado do Rio<span id=\"OBJ_PREFIX_DWT811_com_zimbra_date\" class=\"Object\"> de Janeiro<\/span><\/span><\/p>\n<p><span style=\"color: #000000;font-family: Calibri;font-size: medium\">Data: 23\/02 (<span id=\"OBJ_PREFIX_DWT812_com_zimbra_date\" class=\"Object\"><span id=\"OBJ_PREFIX_DWT818_com_zimbra_date\" class=\"Object\">sexta<\/span><\/span>-feira)<\/span><\/p>\n<p><span style=\"color: #000000;font-family: Calibri;font-size: medium\">Hor\u00e1rio: 9h<\/span><\/p>\n<p><span style=\"color: #000000;font-family: Calibri;font-size: medium\">Local: Arquidiocese do Rio<span id=\"OBJ_PREFIX_DWT813_com_zimbra_date\" class=\"Object\"> de Janeiro<\/span> \u2013 Rua Benjamin Constant, 23 \u2013 6\u00ba andar \u2013 Gl\u00f3ria<\/span><\/p>\n","protected":false},"excerpt":{"rendered":"<p>O evento, da Arquidiocese do Rio de Janeiro, tem como objetivo esclarecer d\u00favidas sobre a interven\u00e7\u00e3o federal na \u00e1rea de seguran\u00e7a p\u00fablica do Estado do Rio de Janeiro. Confirmada a presen\u00e7a do fundador do movimento Eu Acredito.Rio, \u00a0Sandro Capad\u00f3cia, que tamb\u00e9m foi v\u00edtima de viol\u00eancia. Ele sobreviveu a cinco tiros em 1993 quando foi ao Rio, em f\u00e9rias \u2013 era [&hellip;]<\/p>\n","protected":false},"author":27,"featured_media":0,"comment_status":"open","ping_status":"closed","sticky":false,"template":"","format":"standard","meta":{"footnotes":""},"categories":[2719],"tags":[9791,11346,390,2874,11349,382,11347,11340,444,1961,6646,11348,5761,2103,4427],"class_list":["post-8273","post","type-post","status-publish","format-standard","hentry","category-servidor","tag-bolha","tag-eio-de-janeiro","tag-empresas","tag-encontro","tag-engajamento","tag-especialistas","tag-eu-acredito-rio","tag-intervencao-federal","tag-jovens","tag-lideres","tag-oportunidades","tag-religioes","tag-seguranca-publica","tag-social","tag-violencia"],"_links":{"self":[{"href":"https:\/\/blogs.correiobraziliense.com.br\/servidor\/wp-json\/wp\/v2\/posts\/8273","targetHints":{"allow":["GET"]}}],"collection":[{"href":"https:\/\/blogs.correiobraziliense.com.br\/servidor\/wp-json\/wp\/v2\/posts"}],"about":[{"href":"https:\/\/blogs.correiobraziliense.com.br\/servidor\/wp-json\/wp\/v2\/types\/post"}],"author":[{"embeddable":true,"href":"https:\/\/blogs.correiobraziliense.com.br\/servidor\/wp-json\/wp\/v2\/users\/27"}],"replies":[{"embeddable":true,"href":"https:\/\/blogs.correiobraziliense.com.br\/servidor\/wp-json\/wp\/v2\/comments?post=8273"}],"version-history":[{"count":1,"href":"https:\/\/blogs.correiobraziliense.com.br\/servidor\/wp-json\/wp\/v2\/posts\/8273\/revisions"}],"predecessor-version":[{"id":8274,"href":"https:\/\/blogs.correiobraziliense.com.br\/servidor\/wp-json\/wp\/v2\/posts\/8273\/revisions\/8274"}],"wp:attachment":[{"href":"https:\/\/blogs.correiobraziliense.com.br\/servidor\/wp-json\/wp\/v2\/media?parent=8273"}],"wp:term":[{"taxonomy":"category","embeddable":true,"href":"https:\/\/blogs.correiobraziliense.com.br\/servidor\/wp-json\/wp\/v2\/categories?post=8273"},{"taxonomy":"post_tag","embeddable":true,"href":"https:\/\/blogs.correiobraziliense.com.br\/servidor\/wp-json\/wp\/v2\/tags?post=8273"}],"curies":[{"name":"wp","href":"https:\/\/api.w.org\/{rel}","templated":true}]}}