{"id":8267,"date":"2018-02-21T19:31:45","date_gmt":"2018-02-21T22:31:45","guid":{"rendered":"https:\/\/blogs.correiobraziliense.com.br\/servidor\/?p=8267"},"modified":"2018-02-21T19:31:45","modified_gmt":"2018-02-21T22:31:45","slug":"defensores-publicos-federais-repudiam-mandados-coletivos","status":"publish","type":"post","link":"https:\/\/blogs.correiobraziliense.com.br\/servidor\/defensores-publicos-federais-repudiam-mandados-coletivos\/","title":{"rendered":"Defensores p\u00fablicos federais repudiam mandados coletivos"},"content":{"rendered":"<div><em>A Associa\u00e7\u00e3o Nacional dos Defensores P\u00fablicos Federais (Anadef) destaca, em nota, que &#8220;grande parte das a\u00e7\u00f5es at\u00e9 agora adotadas e cogitadas s\u00e3o absolutamente incompat\u00edveis com a Constitui\u00e7\u00e3o Federal, ferindo de morte a cidadania e a dignidade da pessoa humana, fundamentos da Rep\u00fablica Federativa do Brasil, bem como os direitos que receberam o contorno de garantias fundamentais por parte do constituinte&#8221;<\/em><\/div>\n<div><\/div>\n<div>Veja a nota:<\/div>\n<div><\/div>\n<div>&#8220;\u00c9 com extrema preocupa\u00e7\u00e3o que a Associa\u00e7\u00e3o Nacional dos Defensores P\u00fablicos Federais (Anadef) observa os desdobramentos da interven\u00e7\u00e3o federal levada a efeito na \u00e1rea de seguran\u00e7a p\u00fablica do estado do Rio<span id=\"OBJ_PREFIX_DWT1257_com_zimbra_date\" class=\"Object\"> de Janeiro<\/span>.<\/div>\n<div><\/div>\n<div>A possibilidade de expedi\u00e7\u00e3o de mandados de busca e apreens\u00e3o coletivos, bem como as abordagens ostensivas e humilhantes contra crian\u00e7as e adolescentes nas comunidades cariocas, s\u00e3o merecedoras de completo rep\u00fadio.<\/div>\n<div><\/div>\n<div>Grande parte das a\u00e7\u00f5es at\u00e9 agora adotadas e cogitadas s\u00e3o absolutamente incompat\u00edveis com a Constitui\u00e7\u00e3o Federal, ferindo de morte a cidadania e a dignidade da pessoa humana, fundamentos da Rep\u00fablica Federativa do Brasil, bem como os direitos que receberam o contorno de garantias fundamentais por parte do constituinte.<\/div>\n<div><\/div>\n<div>Ademais, a atual situa\u00e7\u00e3o social do Rio<span id=\"OBJ_PREFIX_DWT1258_com_zimbra_date\" class=\"Object\"> de Janeiro<\/span> \u2013 que n\u00e3o difere em muito do restante do Brasil \u2013 \u00e9 constru\u00e7\u00e3o da aus\u00eancia total do Estado, ineficaz na elabora\u00e7\u00e3o e concretiza\u00e7\u00e3o de pol\u00edticas p\u00fablicas, sobretudo as sociais, em \u00e1reas como sa\u00fade, educa\u00e7\u00e3o, moradia e seguran\u00e7a.<\/div>\n<div><\/div>\n<div>Diante desse descalabro, a Anadef condena e repudia qualquer conduta violadora dos direitos humanos a serem praticadas contra cidad\u00e3os que se encontrem em situa\u00e7\u00e3o de vulnerabilidade, aumentando ainda mais o estigma de pobreza carregado pela popula\u00e7\u00e3o brasileira.&#8221;<\/div>\n","protected":false},"excerpt":{"rendered":"<p>A Associa\u00e7\u00e3o Nacional dos Defensores P\u00fablicos Federais (Anadef) destaca, em nota, que &#8220;grande parte das a\u00e7\u00f5es at\u00e9 agora adotadas e cogitadas s\u00e3o absolutamente incompat\u00edveis com a Constitui\u00e7\u00e3o Federal, ferindo de morte a cidadania e a dignidade da pessoa humana, fundamentos da Rep\u00fablica Federativa do Brasil, bem como os direitos que receberam o contorno de garantias fundamentais por parte do constituinte&#8221; [&hellip;]<\/p>\n","protected":false},"author":27,"featured_media":0,"comment_status":"open","ping_status":"closed","sticky":false,"template":"","format":"standard","meta":{"footnotes":""},"categories":[2719],"tags":[203,2743,439,2584,2807,11339,619,59,6938,8803,4861,5614,11340,11337,1746,11338,1414,24,1417,74,754,11341],"class_list":["post-8267","post","type-post","status-publish","format-standard","hentry","category-servidor","tag-acoes","tag-anadef","tag-cidadania","tag-constituicao","tag-defensores","tag-desdobramentos","tag-direitos","tag-federais","tag-fundamentais","tag-fundamentos","tag-garantias","tag-incompativeis","tag-intervencao-federal","tag-mandados-coletivos","tag-morte","tag-pessoa-humana","tag-preocupacao","tag-publicos","tag-republica","tag-repudiam","tag-rio-de-janeiro","tag-seguranaca-publica"],"_links":{"self":[{"href":"https:\/\/blogs.correiobraziliense.com.br\/servidor\/wp-json\/wp\/v2\/posts\/8267","targetHints":{"allow":["GET"]}}],"collection":[{"href":"https:\/\/blogs.correiobraziliense.com.br\/servidor\/wp-json\/wp\/v2\/posts"}],"about":[{"href":"https:\/\/blogs.correiobraziliense.com.br\/servidor\/wp-json\/wp\/v2\/types\/post"}],"author":[{"embeddable":true,"href":"https:\/\/blogs.correiobraziliense.com.br\/servidor\/wp-json\/wp\/v2\/users\/27"}],"replies":[{"embeddable":true,"href":"https:\/\/blogs.correiobraziliense.com.br\/servidor\/wp-json\/wp\/v2\/comments?post=8267"}],"version-history":[{"count":1,"href":"https:\/\/blogs.correiobraziliense.com.br\/servidor\/wp-json\/wp\/v2\/posts\/8267\/revisions"}],"predecessor-version":[{"id":8268,"href":"https:\/\/blogs.correiobraziliense.com.br\/servidor\/wp-json\/wp\/v2\/posts\/8267\/revisions\/8268"}],"wp:attachment":[{"href":"https:\/\/blogs.correiobraziliense.com.br\/servidor\/wp-json\/wp\/v2\/media?parent=8267"}],"wp:term":[{"taxonomy":"category","embeddable":true,"href":"https:\/\/blogs.correiobraziliense.com.br\/servidor\/wp-json\/wp\/v2\/categories?post=8267"},{"taxonomy":"post_tag","embeddable":true,"href":"https:\/\/blogs.correiobraziliense.com.br\/servidor\/wp-json\/wp\/v2\/tags?post=8267"}],"curies":[{"name":"wp","href":"https:\/\/api.w.org\/{rel}","templated":true}]}}