{"id":8265,"date":"2018-02-21T16:10:01","date_gmt":"2018-02-21T19:10:01","guid":{"rendered":"https:\/\/blogs.correiobraziliense.com.br\/servidor\/?p=8265"},"modified":"2018-02-21T16:10:01","modified_gmt":"2018-02-21T19:10:01","slug":"nota-presidencia-da-republica-sobre-intervencao-no-rio","status":"publish","type":"post","link":"https:\/\/blogs.correiobraziliense.com.br\/servidor\/nota-presidencia-da-republica-sobre-intervencao-no-rio\/","title":{"rendered":"Nota &#8211; Presid\u00eancia da Rep\u00fablica sobre interven\u00e7\u00e3o no Rio"},"content":{"rendered":"<p><em>De acordo com a nota, &#8220;a agenda eleitoral n\u00e3o \u00e9, nem nunca o ser\u00e1, causa das a\u00e7\u00f5es do presidente&#8221; Michel Temer. &#8220;O governo seguir\u00e1 sua trajet\u00f3ria sem pautar-se pela busca do aplauso f\u00e1cil, mas na rota firme das decis\u00f5es corajosas que buscam enfrentar e resolver os dramas verdadeiros de nossa Na\u00e7\u00e3o, sem nenhuma significa\u00e7\u00e3o eleitoral&#8221;, reitera o documento<\/em><\/p>\n<p>Veja a nota:<\/p>\n<p>&#8220;O Presidente da Rep\u00fablica reitera que toda e qualquer decis\u00e3o de governo \u00e9 regida exclusivamente pelas reais necessidades de encontrar solu\u00e7\u00f5es para os problemas do povo brasileiro.<\/p>\n<p>A agenda eleitoral n\u00e3o \u00e9, nem nunca o ser\u00e1, causa das a\u00e7\u00f5es do presidente. Assim o comprovam as reformas propostas na Ponte para o Futuro e que t\u00eam sido implementadas desde o primeiro dia da administra\u00e7\u00e3o.<\/p>\n<p>O Presidente da Rep\u00fablica n\u00e3o se influenciou por nenhum outro fator, a n\u00e3o ser atender a uma demanda da sociedade. \u00c9 essa a \u00fanica l\u00f3gica que motivou a interven\u00e7\u00e3o federal na \u00e1rea de seguran\u00e7a p\u00fablica do Estado do Rio de Janeiro.<\/p>\n<p>Assessores ou colaboradores que expressem ideias ou avalia\u00e7\u00f5es sobre essa mat\u00e9ria n\u00e3o falam, nem t\u00eam autoriza\u00e7\u00e3o para falar, em nome do Presidente.<\/p>\n<p>O governo seguir\u00e1 sua trajet\u00f3ria sem pautar-se pela busca do aplauso f\u00e1cil, mas na rota firme das decis\u00f5es corajosas que buscam enfrentar e resolver os dramas verdadeiros de nossa Na\u00e7\u00e3o, sem nenhuma significa\u00e7\u00e3o eleitoral.&#8221;<\/p>\n","protected":false},"excerpt":{"rendered":"<p>De acordo com a nota, &#8220;a agenda eleitoral n\u00e3o \u00e9, nem nunca o ser\u00e1, causa das a\u00e7\u00f5es do presidente&#8221; Michel Temer. &#8220;O governo seguir\u00e1 sua trajet\u00f3ria sem pautar-se pela busca do aplauso f\u00e1cil, mas na rota firme das decis\u00f5es corajosas que buscam enfrentar e resolver os dramas verdadeiros de nossa Na\u00e7\u00e3o, sem nenhuma significa\u00e7\u00e3o eleitoral&#8221;, reitera o documento Veja a [&hellip;]<\/p>\n","protected":false},"author":27,"featured_media":0,"comment_status":"open","ping_status":"closed","sticky":false,"template":"","format":"standard","meta":{"footnotes":""},"categories":[2719],"tags":[203,1306,1527,11333,6918,1248,1864,1549,11334,3338,124,98,5298,2474,339,37,11335,7783,765,1719,11336,5309,5761,351,1360,4360],"class_list":["post-8265","post","type-post","status-publish","format-standard","hentry","category-servidor","tag-acoes","tag-adminsitracao","tag-agenda","tag-aplauso","tag-causa","tag-decisao","tag-decisoes","tag-demanda","tag-dramas","tag-eleitoral","tag-federal","tag-governo","tag-intervencao","tag-michel-temer","tag-necessidades","tag-nota","tag-ponte-para-o-futuro","tag-povo","tag-presidencia-da-republica","tag-problemas","tag-rio-de-jaqneiro","tag-rota","tag-seguranca-publica","tag-sociedade","tag-solucoes","tag-trajetoria"],"_links":{"self":[{"href":"https:\/\/blogs.correiobraziliense.com.br\/servidor\/wp-json\/wp\/v2\/posts\/8265","targetHints":{"allow":["GET"]}}],"collection":[{"href":"https:\/\/blogs.correiobraziliense.com.br\/servidor\/wp-json\/wp\/v2\/posts"}],"about":[{"href":"https:\/\/blogs.correiobraziliense.com.br\/servidor\/wp-json\/wp\/v2\/types\/post"}],"author":[{"embeddable":true,"href":"https:\/\/blogs.correiobraziliense.com.br\/servidor\/wp-json\/wp\/v2\/users\/27"}],"replies":[{"embeddable":true,"href":"https:\/\/blogs.correiobraziliense.com.br\/servidor\/wp-json\/wp\/v2\/comments?post=8265"}],"version-history":[{"count":1,"href":"https:\/\/blogs.correiobraziliense.com.br\/servidor\/wp-json\/wp\/v2\/posts\/8265\/revisions"}],"predecessor-version":[{"id":8266,"href":"https:\/\/blogs.correiobraziliense.com.br\/servidor\/wp-json\/wp\/v2\/posts\/8265\/revisions\/8266"}],"wp:attachment":[{"href":"https:\/\/blogs.correiobraziliense.com.br\/servidor\/wp-json\/wp\/v2\/media?parent=8265"}],"wp:term":[{"taxonomy":"category","embeddable":true,"href":"https:\/\/blogs.correiobraziliense.com.br\/servidor\/wp-json\/wp\/v2\/categories?post=8265"},{"taxonomy":"post_tag","embeddable":true,"href":"https:\/\/blogs.correiobraziliense.com.br\/servidor\/wp-json\/wp\/v2\/tags?post=8265"}],"curies":[{"name":"wp","href":"https:\/\/api.w.org\/{rel}","templated":true}]}}