{"id":8260,"date":"2018-02-20T15:02:02","date_gmt":"2018-02-20T18:02:02","guid":{"rendered":"https:\/\/blogs.correiobraziliense.com.br\/servidor\/?p=8260"},"modified":"2018-02-20T15:02:02","modified_gmt":"2018-02-20T18:02:02","slug":"reforma-trabalhista-mp-808-prorrogada-vigencia-por-mais-60-dias","status":"publish","type":"post","link":"https:\/\/blogs.correiobraziliense.com.br\/servidor\/reforma-trabalhista-mp-808-prorrogada-vigencia-por-mais-60-dias\/","title":{"rendered":"Reforma trabalhista &#8211; MP 808 &#8211; prorrogada a vig\u00eancia por mais 60 dias"},"content":{"rendered":"<p><em>Foi publicado no Di\u00e1rio Oficial da Uni\u00e3o (DOU) de hoje (20\/2), ato do presidente da Mesa do Congresso Nacional, com o intuito de prorrogar por mais 60 dias o tempo e vig\u00eancia da MP 808\/2017, que altera a reforma trabalhista. Com isso, a MP fica vigente at\u00e9 23 de abril de 2018<\/em><\/p>\n<p><img loading=\"lazy\" decoding=\"async\" class=\"size-full wp-image-8261 aligncenter\" src=\"https:\/\/blogs.correiobraziliense.com.br\/servidor\/wp-content\/uploads\/sites\/10\/2018\/02\/indice_20022018.jpeg\" alt=\"indice_20022018\" width=\"547\" height=\"387\" srcset=\"https:\/\/blogs.correiobraziliense.com.br\/servidor\/wp-content\/uploads\/sites\/10\/2018\/02\/indice_20022018.jpeg 547w, https:\/\/blogs.correiobraziliense.com.br\/servidor\/wp-content\/uploads\/sites\/10\/2018\/02\/indice_20022018-300x212.jpeg 300w, https:\/\/blogs.correiobraziliense.com.br\/servidor\/wp-content\/uploads\/sites\/10\/2018\/02\/indice_20022018-350x248.jpeg 350w, https:\/\/blogs.correiobraziliense.com.br\/servidor\/wp-content\/uploads\/sites\/10\/2018\/02\/indice_20022018-230x163.jpeg 230w\" sizes=\"auto, (max-width: 547px) 100vw, 547px\" \/><\/p>\n<p>Para o presidente da Central dos Sindicatos Brasileiros (CSB) , Ant\u00f4nio Neto, a prorroga\u00e7\u00e3o \u00e9 oportuna para as centrais, porque pelo menos t\u00eam a oportunidade de tentar discutir as mudan\u00e7as para mitigar parte dos efeitos da reforma que ainda n\u00e3o foram aplicados por conta da MP.<\/p>\n","protected":false},"excerpt":{"rendered":"<p>Foi publicado no Di\u00e1rio Oficial da Uni\u00e3o (DOU) de hoje (20\/2), ato do presidente da Mesa do Congresso Nacional, com o intuito de prorrogar por mais 60 dias o tempo e vig\u00eancia da MP 808\/2017, que altera a reforma trabalhista. Com isso, a MP fica vigente at\u00e9 23 de abril de 2018 Para o presidente da Central dos Sindicatos Brasileiros [&hellip;]<\/p>\n","protected":false},"author":27,"featured_media":0,"comment_status":"open","ping_status":"closed","sticky":false,"template":"","format":"standard","meta":{"footnotes":""},"categories":[2719],"tags":[693,1723,1769,2491,11325,11323,376,11324,9253,9780],"class_list":["post-8260","post","type-post","status-publish","format-standard","hentry","category-servidor","tag-congresso-nacional","tag-csb","tag-dou","tag-efeitos","tag-mitigar","tag-mp-808","tag-mudancas","tag-prorrogar","tag-reforma-trabalhista","tag-vigencia"],"_links":{"self":[{"href":"https:\/\/blogs.correiobraziliense.com.br\/servidor\/wp-json\/wp\/v2\/posts\/8260","targetHints":{"allow":["GET"]}}],"collection":[{"href":"https:\/\/blogs.correiobraziliense.com.br\/servidor\/wp-json\/wp\/v2\/posts"}],"about":[{"href":"https:\/\/blogs.correiobraziliense.com.br\/servidor\/wp-json\/wp\/v2\/types\/post"}],"author":[{"embeddable":true,"href":"https:\/\/blogs.correiobraziliense.com.br\/servidor\/wp-json\/wp\/v2\/users\/27"}],"replies":[{"embeddable":true,"href":"https:\/\/blogs.correiobraziliense.com.br\/servidor\/wp-json\/wp\/v2\/comments?post=8260"}],"version-history":[{"count":1,"href":"https:\/\/blogs.correiobraziliense.com.br\/servidor\/wp-json\/wp\/v2\/posts\/8260\/revisions"}],"predecessor-version":[{"id":8262,"href":"https:\/\/blogs.correiobraziliense.com.br\/servidor\/wp-json\/wp\/v2\/posts\/8260\/revisions\/8262"}],"wp:attachment":[{"href":"https:\/\/blogs.correiobraziliense.com.br\/servidor\/wp-json\/wp\/v2\/media?parent=8260"}],"wp:term":[{"taxonomy":"category","embeddable":true,"href":"https:\/\/blogs.correiobraziliense.com.br\/servidor\/wp-json\/wp\/v2\/categories?post=8260"},{"taxonomy":"post_tag","embeddable":true,"href":"https:\/\/blogs.correiobraziliense.com.br\/servidor\/wp-json\/wp\/v2\/tags?post=8260"}],"curies":[{"name":"wp","href":"https:\/\/api.w.org\/{rel}","templated":true}]}}