{"id":8250,"date":"2018-02-19T07:14:33","date_gmt":"2018-02-19T10:14:33","guid":{"rendered":"https:\/\/blogs.correiobraziliense.com.br\/servidor\/?p=8250"},"modified":"2018-02-18T21:18:55","modified_gmt":"2018-02-19T00:18:55","slug":"cariocas-querem-mais-que-intervencao","status":"publish","type":"post","link":"https:\/\/blogs.correiobraziliense.com.br\/servidor\/cariocas-querem-mais-que-intervencao\/","title":{"rendered":"Cariocas querem mais que interven\u00e7\u00e3o"},"content":{"rendered":"<p><em>A popula\u00e7\u00e3o do Rio de Janeiro est\u00e1 c\u00e9tica quanto aos resultados da interven\u00e7\u00e3o da seguran\u00e7a p\u00fablica no Estado. Os moradores da Cidade Maravilhosa, de norte a sul, temem a escalada da viol\u00eancia e querem de volta a liberdade de andar pelas ruas. Com o bom humor t\u00edpico do carioca, que nunca se deixa abater, ironizam a iniciativa federal e clamam por a\u00e7\u00f5es efetivas que tire o Rio do caos<\/em><\/p>\n<p>Professor universit\u00e1rio, Ronaldo Gutenberg, 33 anos, de Copacabana, destaca que \u201cningu\u00e9m \u00e9 contra um choque contra a criminalidade\u201d. Mas a a\u00e7\u00e3o de Garantia da Lei e da Ordem (GLO) j\u00e1 provou que \u201c\u00e9 mais uma flecha no peito do meu padroeiro (S\u00e3o Sebasti\u00e3o)\u201d.\u201cConcordo que, a princ\u00edpio, essa medida era necess\u00e1ria. Mas o que vem depois?\u201d, questiona Gutenberg.<\/p>\n<p>Roberto Serr\u00e3o, 69, compositor, da Lagoa, identifica a interven\u00e7\u00e3o no Rio como \u201cmais um golpe desse desgoverno, para, na calada da noite, com o povo distra\u00eddo, aprovar a reforma da Previd\u00eancia\u201d. Para ele, \u00e9 fundamental, no curto prazo, apoiar \u00e0s pol\u00edcias Civil e Militar, cobrar atitude dos comandantes e substituir envolvidos em corrup\u00e7\u00e3o. \u201cNo longo prazo, se muda essa pouca-vergonha com educa\u00e7\u00e3o. Temos que investir agora em qualifica\u00e7\u00e3o e cultura, antes que seja tarde\u201d, aponta.<\/p>\n<p>Vanete Nascimento Monteiro, 64, semialfabetizada, sente na pele o descaso do governo. Recebe R$ 2,1 mil da aposentadoria do INSS. Trabalha como cuidadora de idosos para complementar. Mora em Santa Teresa e desce o morro diariamente. \u201cFui assaltada. Levaram documentos, \u00f3culos e rem\u00e9dios\u201d, conta. Diante dos fatos, sua expectativa \u00e9 das piores. \u201cNa Copa, o Ex\u00e9rcito veio. Foi bom para as comunidades. Quando foi embora, a vida piorou ainda mais. Tudo para pobre \u00e9 assim. Os pol\u00edticos roubam e a gente fica sem escolas e sem hospitais\u201d.<\/p>\n<p>Pela experi\u00eancia da Copa, a advogada Teresa Cerejo (69), de Laranjeiras, est\u00e1 descrente. \u201cVi somente caminh\u00f5es do Ex\u00e9rcito passeando pela cidade, admirando a paisagem. Agora, de novo, ser\u00e3o gastos milh\u00f5es. Se n\u00e3o cobrarmos seriedade desse governo, o resultado ser\u00e1 um aval a Temer e mais uma cortina de fuma\u00e7a para a reforma da Previd\u00eancia\u201d. O engenheiro Elias Mesquita, 48, de Ipanema, diz que vive com a sensa\u00e7\u00e3o de que est\u00e1 em uma guerra. \u201cO quadro \u00e9 triste. Esper\u00e1vamos a\u00e7\u00f5es efetivas. A\u00ed, veio esse carnaval de militares fantasiados nas vias p\u00fablicas. O vampiro Temer quer chupar o nosso sangue. A interven\u00e7\u00e3o \u00e9 in\u00f3cua, sem pol\u00edticas sociais\u201d.<\/p>\n","protected":false},"excerpt":{"rendered":"<p>A popula\u00e7\u00e3o do Rio de Janeiro est\u00e1 c\u00e9tica quanto aos resultados da interven\u00e7\u00e3o da seguran\u00e7a p\u00fablica no Estado. Os moradores da Cidade Maravilhosa, de norte a sul, temem a escalada da viol\u00eancia e querem de volta a liberdade de andar pelas ruas. Com o bom humor t\u00edpico do carioca, que nunca se deixa abater, ironizam a iniciativa federal e clamam [&hellip;]<\/p>\n","protected":false},"author":27,"featured_media":0,"comment_status":"open","ping_status":"closed","sticky":false,"template":"","format":"standard","meta":{"footnotes":""},"categories":[2719],"tags":[203,4088,11291,11289,205,7124,1928,11299,48,7725,11292,124,11297,11296,7605,2685,5298,11295,11293,6519,11298,545,8546,7783,3793,9727,1121,11290,754,208,11294,4427],"class_list":["post-8250","post","type-post","status-publish","format-standard","hentry","category-servidor","tag-acoes","tag-caos","tag-cetica","tag-cidade-maravilhosa","tag-corrupcao","tag-criminalidade","tag-cultura","tag-distraido","tag-educacao","tag-efetivas","tag-escalada","tag-federal","tag-flecha","tag-glo","tag-golpe","tag-iniciativa","tag-intervencao","tag-ironizam","tag-liberdade-bom-humor","tag-moradores","tag-padroeiro","tag-populacao","tag-populcao","tag-povo","tag-qualificacao","tag-reforma-da-previdencia","tag-resultados","tag-ri9o-de-janeiro","tag-rio-de-janeiro","tag-seguranca","tag-tipio","tag-violencia"],"_links":{"self":[{"href":"https:\/\/blogs.correiobraziliense.com.br\/servidor\/wp-json\/wp\/v2\/posts\/8250","targetHints":{"allow":["GET"]}}],"collection":[{"href":"https:\/\/blogs.correiobraziliense.com.br\/servidor\/wp-json\/wp\/v2\/posts"}],"about":[{"href":"https:\/\/blogs.correiobraziliense.com.br\/servidor\/wp-json\/wp\/v2\/types\/post"}],"author":[{"embeddable":true,"href":"https:\/\/blogs.correiobraziliense.com.br\/servidor\/wp-json\/wp\/v2\/users\/27"}],"replies":[{"embeddable":true,"href":"https:\/\/blogs.correiobraziliense.com.br\/servidor\/wp-json\/wp\/v2\/comments?post=8250"}],"version-history":[{"count":1,"href":"https:\/\/blogs.correiobraziliense.com.br\/servidor\/wp-json\/wp\/v2\/posts\/8250\/revisions"}],"predecessor-version":[{"id":8251,"href":"https:\/\/blogs.correiobraziliense.com.br\/servidor\/wp-json\/wp\/v2\/posts\/8250\/revisions\/8251"}],"wp:attachment":[{"href":"https:\/\/blogs.correiobraziliense.com.br\/servidor\/wp-json\/wp\/v2\/media?parent=8250"}],"wp:term":[{"taxonomy":"category","embeddable":true,"href":"https:\/\/blogs.correiobraziliense.com.br\/servidor\/wp-json\/wp\/v2\/categories?post=8250"},{"taxonomy":"post_tag","embeddable":true,"href":"https:\/\/blogs.correiobraziliense.com.br\/servidor\/wp-json\/wp\/v2\/tags?post=8250"}],"curies":[{"name":"wp","href":"https:\/\/api.w.org\/{rel}","templated":true}]}}