{"id":8244,"date":"2018-02-18T19:22:29","date_gmt":"2018-02-18T22:22:29","guid":{"rendered":"https:\/\/blogs.correiobraziliense.com.br\/servidor\/?p=8244"},"modified":"2018-02-18T19:22:29","modified_gmt":"2018-02-18T22:22:29","slug":"policiais-federais-estao-otimistas-com-criacao-de-ministerio-da-seguranca-publica","status":"publish","type":"post","link":"https:\/\/blogs.correiobraziliense.com.br\/servidor\/policiais-federais-estao-otimistas-com-criacao-de-ministerio-da-seguranca-publica\/","title":{"rendered":"Policiais federais est\u00e3o otimistas com cria\u00e7\u00e3o de Minist\u00e9rio da Seguran\u00e7a P\u00fablica"},"content":{"rendered":"<p><em>Representantes dos policiais federais receberam com otimismo o an\u00fancio da cria\u00e7\u00e3o do Minist\u00e9rio Extraordin\u00e1rio da Seguran\u00e7a P\u00fablica, pelo presidente Michel Temer neste s\u00e1bado (17)<\/em><\/p>\n<p>O presidente da Federa\u00e7\u00e3o Nacional dos Policiais Federais (Fenapef), Lu\u00eds Ant\u00f4nio Boudens,\u00a0 acredita que a forma\u00e7\u00e3o da pasta vai favorecer a discuss\u00e3o sobre as causas da crise que atinge o setor. &#8220;O modelo de seguran\u00e7a p\u00fablica brasileiro n\u00e3o tem paralelo em nenhum lugar do mundo, \u00e9 comprovadamente ineficiente e claramente negligenciado pelo governo&#8221;.<\/p>\n<p>A cria\u00e7\u00e3o do Minist\u00e9rio vinha sendo discutida no governo e ganhou for\u00e7a com necessidade de resposta \u00e0 mais recente onda de viol\u00eancia no Rio de Janeiro. Segundo um esbo\u00e7o feito pelo Pal\u00e1cio do Planalto, a pasta englobar\u00e1 a Pol\u00edcia Federal, a Pol\u00edcia Rodovi\u00e1ria Federal e a Secretaria Nacional de Seguran\u00e7a P\u00fablica.<\/p>\n<p>Para Boudens, um Minist\u00e9rio especifico, voltado apenas para a Seguran\u00e7a P\u00fablica, pode dar celeridade a uma eventual reforma do setor. No entanto, alerta que h\u00e1 um consenso na carreira de que sua constitui\u00e7\u00e3o deve incluir uma Pol\u00edtica Nacional de Seguran\u00e7a P\u00fablica e, obrigatoriamente, passar por uma discuss\u00e3o profunda entre as representa\u00e7\u00f5es dos \u00f3rg\u00e3os envolvidos.<\/p>\n","protected":false},"excerpt":{"rendered":"<p>Representantes dos policiais federais receberam com otimismo o an\u00fancio da cria\u00e7\u00e3o do Minist\u00e9rio Extraordin\u00e1rio da Seguran\u00e7a P\u00fablica, pelo presidente Michel Temer neste s\u00e1bado (17) O presidente da Federa\u00e7\u00e3o Nacional dos Policiais Federais (Fenapef), Lu\u00eds Ant\u00f4nio Boudens,\u00a0 acredita que a forma\u00e7\u00e3o da pasta vai favorecer a discuss\u00e3o sobre as causas da crise que atinge o setor. &#8220;O modelo de seguran\u00e7a p\u00fablica [&hellip;]<\/p>\n","protected":false},"author":27,"featured_media":0,"comment_status":"open","ping_status":"closed","sticky":false,"template":"","format":"standard","meta":{"footnotes":""},"categories":[2719],"tags":[188,5625,4525,366,3641,11271,59,107,11269,11268,565,11270,2234,1890,6445,110,11272,711,4684,570,4427],"class_list":["post-8244","post","type-post","status-publish","format-standard","hentry","category-servidor","tag-carreira","tag-causas","tag-consenso","tag-crise","tag-discussao","tag-esboco","tag-federais","tag-fenapef","tag-ineficiente","tag-ministerio-da-seguranca-publica","tag-modelo","tag-negligenciado","tag-onda","tag-orgaos","tag-otimistas","tag-policiais","tag-politica-nacional-de-seguranca","tag-reforma","tag-representacao","tag-setor","tag-violencia"],"_links":{"self":[{"href":"https:\/\/blogs.correiobraziliense.com.br\/servidor\/wp-json\/wp\/v2\/posts\/8244","targetHints":{"allow":["GET"]}}],"collection":[{"href":"https:\/\/blogs.correiobraziliense.com.br\/servidor\/wp-json\/wp\/v2\/posts"}],"about":[{"href":"https:\/\/blogs.correiobraziliense.com.br\/servidor\/wp-json\/wp\/v2\/types\/post"}],"author":[{"embeddable":true,"href":"https:\/\/blogs.correiobraziliense.com.br\/servidor\/wp-json\/wp\/v2\/users\/27"}],"replies":[{"embeddable":true,"href":"https:\/\/blogs.correiobraziliense.com.br\/servidor\/wp-json\/wp\/v2\/comments?post=8244"}],"version-history":[{"count":1,"href":"https:\/\/blogs.correiobraziliense.com.br\/servidor\/wp-json\/wp\/v2\/posts\/8244\/revisions"}],"predecessor-version":[{"id":8245,"href":"https:\/\/blogs.correiobraziliense.com.br\/servidor\/wp-json\/wp\/v2\/posts\/8244\/revisions\/8245"}],"wp:attachment":[{"href":"https:\/\/blogs.correiobraziliense.com.br\/servidor\/wp-json\/wp\/v2\/media?parent=8244"}],"wp:term":[{"taxonomy":"category","embeddable":true,"href":"https:\/\/blogs.correiobraziliense.com.br\/servidor\/wp-json\/wp\/v2\/categories?post=8244"},{"taxonomy":"post_tag","embeddable":true,"href":"https:\/\/blogs.correiobraziliense.com.br\/servidor\/wp-json\/wp\/v2\/tags?post=8244"}],"curies":[{"name":"wp","href":"https:\/\/api.w.org\/{rel}","templated":true}]}}