{"id":8240,"date":"2018-02-18T16:21:25","date_gmt":"2018-02-18T19:21:25","guid":{"rendered":"https:\/\/blogs.correiobraziliense.com.br\/servidor\/?p=8240"},"modified":"2018-02-18T16:24:22","modified_gmt":"2018-02-18T19:24:22","slug":"carta-de-um-sargento-pm-de-boas-vindas-ao-interventor-do-rio-de-janeiro","status":"publish","type":"post","link":"https:\/\/blogs.correiobraziliense.com.br\/servidor\/carta-de-um-sargento-pm-de-boas-vindas-ao-interventor-do-rio-de-janeiro\/","title":{"rendered":"Carta de um sargento PM de boas vindas ao interventor do Rio de Janeiro"},"content":{"rendered":"<p><em>A carta, de algu\u00e9m que se identifica apenas como Sgt PM 73, tem o t\u00edtulo &#8220;General Braga Netto&#8230; Seja muito bem vindo ao caos do RJ&#8221;<\/em><\/p>\n<p>Veja, na \u00edntegra:<\/p>\n<p dir=\"ltr\">&#8220;Bom dia General Braga Netto&#8230;<br \/>\nSeja muito bem vindo ao caos do RJ&#8230;<\/p>\n<p dir=\"ltr\">Estamos ansiosos por mudan\u00e7as e melhorias, s\u00f3 gostaria que o sr entendesse que aqui, nossos soldados da Briosa, n\u00e3o t\u00eam 18 anos, muitos s\u00e3o casados, tem filhos, pagam PA, est\u00e3o cheios de empr\u00e9stimos, se desdobrando entre a escala apertada e o bico&#8230; N\u00e3o temos tempo pra pintar meio fio, capinar Quartel, passar cal nos muros, fazer educa\u00e7\u00e3o f\u00edsica e ordem unida. N\u00e3o temos diversos tipos de fardamento ( farda de passeio, de educa\u00e7\u00e3o f\u00edsica, de gala, de combate), temos apenas um mug velho e surrado..<\/p>\n<p>Treinamento??? Na Briosa isso \u00e9 para poucos, somente os estrelas e as pra\u00e7as Especializadas&#8230; Barriga azul do Batalh\u00e3o convencional s\u00f3 treina qdo bate de frente com vagabundo na favela (com uma sutil diferen\u00e7a&#8230; Nosso alvo n\u00e3o \u00e9 de papel, \u00e9 de carne e osso, e revida!!! Aqui, n\u00e3o tem tiro de boca.)<\/p>\n<p dir=\"ltr\">Na nossa guerra, temos o inimigo de bon\u00e9, bermuda e chinelo com AK 47 nas m\u00e3os (esse \u00e9 o mais f\u00e1cil e previs\u00edvel de se combater), e temos o inimigo oculto que se esconde atr\u00e1s de um terno e gravata, e que tem o poder da caneta, essa sim \u00e9 a arma mais letal j\u00e1 inventada pela humanidade&#8230; Uma caneta nas m\u00e3o de quem tem poder, faz mais estragos que qq metralhadora Ponto 50&#8230;<\/p>\n<p dir=\"ltr\">Esse inimigo \u00e9 o mais impiedoso que existe, n\u00e3o temos treinamento para combat\u00ea-lo&#8230; Pois \u00e9 ele que nos obriga a trabalhar por longas 24h, em favelas conflagradas, circulando com viaturas sucateadas e gambiarradas, com pneus carecas, sem blindagem, com armamento velho, obsoleto, sem manuten\u00e7\u00e3o e propenso a pane, com coletes vencidos e fedorentos. .. Tendo como base um container de lata, sem refrigera\u00e7\u00e3o, sem alojamento decente, tendo que descansar em colchonetes, comer quentinhas e dar descarga no vaso com balde&#8230;<\/p>\n<p dir=\"ltr\">Espero que o senhor com sua longa experi\u00eancia no EB, com mais de quarenta anos de servi\u00e7o, consiga motivar e dar \u00e2nimo aos recrutas com apenas quatro anos de caserna , que j\u00e1 perderam as contas de quantos colegas enterraram, e que pensam em largar a profiss\u00e3o&#8230; Espero que o Sr tenha um bom poder de persuas\u00e3o sobre os membros do MP, do judici\u00e1rio, e dos parlamentares que s\u00f3 entram em favela, nas v\u00e9speras das elei\u00e7\u00f5es para pedir voto&#8230;<\/p>\n<p dir=\"ltr\">Nossa guerra \u00e9 desleal, n\u00e3o temos treinamento, fardamento, alimenta\u00e7\u00e3o, apoio log\u00edstico, e o pior&#8230; N\u00e3o temos apoio da popula\u00e7\u00e3o, por quem sacrificamos nossas vidas diariamente, somos massacrados pela m\u00eddia, por poli\u00e7i\u00f3logos que s\u00f3 conhecem a viol\u00eancia pela TV, e n\u00e3o temos apoio jur\u00eddico para nos defender qdo erramos&#8230; S\u00e3o fra\u00e7\u00f5es de segundos que podem transformar um her\u00f3i, em um vil\u00e3o&#8230; Enfim poderia escrever um livro, sobre a guerra di\u00e1ria no RJ, mas prefiro apenas resumir&#8230;<\/p>\n<p dir=\"ltr\">Tenho 17anos de servi\u00e7o ( na ponta da lan\u00e7a), tenho alguns autos de resist\u00eancia, j\u00e1 fui baleado e pude perceber que o momento em que vc \u00e9 socorrido por seus colegas de farda e sua vida est\u00e1 nas m\u00e3os dos m\u00e9dicos da rede p\u00fablica, s\u00f3 Deus mesmo \u00e9 quem pode decidir se \u00e9 sua hora ou n\u00e3o&#8230; N\u00f3s policiais do RJ, estamos \u00e0 espera de um milagre&#8230; M\u00e1s enquanto nosso Salvador n\u00e3o volta, temos um General do EB,\u00a0 enviado com a miss\u00e3o de\u00a0 botar ordem no caos&#8230;<\/p>\n<p dir=\"ltr\">Estamos todos confiando no Sr. 01!!!<\/p>\n<p dir=\"ltr\">Bem vindo a Guerra!!!<\/p>\n<p dir=\"ltr\">Sgt PM 73&#8243;<\/p>\n<div class=\"post-header-line-1\"><\/div>\n<div class=\"postmeta-primary\"><\/div>\n","protected":false},"excerpt":{"rendered":"<p>A carta, de algu\u00e9m que se identifica apenas como Sgt PM 73, tem o t\u00edtulo &#8220;General Braga Netto&#8230; Seja muito bem vindo ao caos do RJ&#8221; Veja, na \u00edntegra: &#8220;Bom dia General Braga Netto&#8230; Seja muito bem vindo ao caos do RJ&#8230; Estamos ansiosos por mudan\u00e7as e melhorias, s\u00f3 gostaria que o sr entendesse que aqui, nossos soldados da Briosa, [&hellip;]<\/p>\n","protected":false},"author":27,"featured_media":0,"comment_status":"open","ping_status":"closed","sticky":false,"template":"","format":"standard","meta":{"footnotes":""},"categories":[2719],"tags":[11244,2834,2365,11227,11255,11265,3935,9719,6684,11224,11249,4088,11231,11254,5444,301,11261,11135,204,4188,11259,11263,253,11233,2021,8532,11235,11241,11258,11237,11252,11226,11247,647,11243,11225,64,11248,1778,11230,11228,11250,853,376,11238,11232,11256,11245,11234,11242,4601,11267,11236,11229,3163,11253,11262,11266,11260,754,11223,11251,11239,11246,5724,11240,11264,11257,5340,7117],"class_list":["post-8240","post","type-post","status-publish","format-standard","hentry","category-servidor","tag-ak47","tag-alojamento","tag-alvo","tag-ansios","tag-aramento","tag-balde","tag-batalhao","tag-bico","tag-blindagem","tag-boas-vindas","tag-caneta","tag-caos","tag-capinar","tag-carecas","tag-carne","tag-carta","tag-colchonetes","tag-coletes","tag-combate","tag-combater","tag-container","tag-descarga","tag-desleal","tag-educacao-fisica","tag-eleicoes","tag-escala","tag-fardamento","tag-favela","tag-fedorentos","tag-gala","tag-gambiarradas","tag-general-braga-netto","tag-gravata","tag-guerra","tag-inimigo","tag-interventor","tag-judiciario","tag-letal","tag-manutencao","tag-meio-fio","tag-melhoreas","tag-metralhadora","tag-mp","tag-mudancas","tag-mug","tag-muros","tag-obsoleto","tag-oculto","tag-ordem-unida","tag-osso","tag-papel","tag-parlamentres","tag-passeio","tag-pintar","tag-pm","tag-pneus","tag-quantinhas","tag-recrutas","tag-refrigeracao","tag-rio-de-janeiro","tag-sergento","tag-sucateadas","tag-surrado","tag-terno","tag-treinamento","tag-vagabundo","tag-vaso","tag-vencidos","tag-viaturas","tag-voto"],"_links":{"self":[{"href":"https:\/\/blogs.correiobraziliense.com.br\/servidor\/wp-json\/wp\/v2\/posts\/8240","targetHints":{"allow":["GET"]}}],"collection":[{"href":"https:\/\/blogs.correiobraziliense.com.br\/servidor\/wp-json\/wp\/v2\/posts"}],"about":[{"href":"https:\/\/blogs.correiobraziliense.com.br\/servidor\/wp-json\/wp\/v2\/types\/post"}],"author":[{"embeddable":true,"href":"https:\/\/blogs.correiobraziliense.com.br\/servidor\/wp-json\/wp\/v2\/users\/27"}],"replies":[{"embeddable":true,"href":"https:\/\/blogs.correiobraziliense.com.br\/servidor\/wp-json\/wp\/v2\/comments?post=8240"}],"version-history":[{"count":3,"href":"https:\/\/blogs.correiobraziliense.com.br\/servidor\/wp-json\/wp\/v2\/posts\/8240\/revisions"}],"predecessor-version":[{"id":8243,"href":"https:\/\/blogs.correiobraziliense.com.br\/servidor\/wp-json\/wp\/v2\/posts\/8240\/revisions\/8243"}],"wp:attachment":[{"href":"https:\/\/blogs.correiobraziliense.com.br\/servidor\/wp-json\/wp\/v2\/media?parent=8240"}],"wp:term":[{"taxonomy":"category","embeddable":true,"href":"https:\/\/blogs.correiobraziliense.com.br\/servidor\/wp-json\/wp\/v2\/categories?post=8240"},{"taxonomy":"post_tag","embeddable":true,"href":"https:\/\/blogs.correiobraziliense.com.br\/servidor\/wp-json\/wp\/v2\/tags?post=8240"}],"curies":[{"name":"wp","href":"https:\/\/api.w.org\/{rel}","templated":true}]}}