{"id":8238,"date":"2018-02-17T19:30:00","date_gmt":"2018-02-17T21:30:00","guid":{"rendered":"https:\/\/blogs.correiobraziliense.com.br\/servidor\/?p=8238"},"modified":"2018-02-17T19:30:00","modified_gmt":"2018-02-17T21:30:00","slug":"ii-congresso-nacional-de-comunicacao-legislativa","status":"publish","type":"post","link":"https:\/\/blogs.correiobraziliense.com.br\/servidor\/ii-congresso-nacional-de-comunicacao-legislativa\/","title":{"rendered":"II Congresso Nacional de Comunica\u00e7\u00e3o Legislativa"},"content":{"rendered":"<p><em>Participa\u00e7\u00e3o do jornalista Milton Jung, idealizador da plataforma Adote um Vereador, no dia 28 de mar\u00e7o pr\u00f3ximo, em S\u00e3o Paulo<\/em><\/p>\n<p>Segundo os idealizadores, esse \u00e9 o \u00fanico congresso com foco na comunica\u00e7\u00e3o como principal ferramenta para liderar o debate de interesse p\u00fablico e instrumento de compet\u00eancia pol\u00edtica. S\u00e3o oferecidas inscri\u00e7\u00f5es gratuitas para os quatro primeiros interessados da comunica\u00e7\u00e3o da C\u00e2mara dos Deputados e do Senado.\u00a0 Basta procurar S\u00e9rgio Lerrer, editor do Pro Legislativo.<\/p>\n<p>Inscri\u00e7\u00f5es abertas para vereadores, servidores e profissionais fixos ou colaboradores de C\u00e2maras Municipais, igualmente de Assembleias Legislativas\u00a0 e seus deputados e assessores, e outras inst\u00e2ncias do Legislativo e suas entidades.<\/p>\n<p>Maiores informa\u00e7\u00f5es sobre a grade de conte\u00fado e formas de inscri\u00e7\u00e3o no link:<\/p>\n<blockquote data-secret=\"vGIjYsi1P7\" class=\"wp-embedded-content\"><p><a href=\"http:\/\/prolegislativo.com.br\/index.php\/inscricoes-abertas-para-o-ii-congresso-nacional-de-comunicacao-legislativa-para-camaras-municipais\/\">Inscri\u00e7\u00f5es abertas para o II Congresso Nacional  de Comunica\u00e7\u00e3o Legislativa para C\u00e2maras Municipais<\/a><\/p><\/blockquote>\n<p><iframe loading=\"lazy\" class=\"wp-embedded-content\" sandbox=\"allow-scripts\" security=\"restricted\" style=\"display:none;\" src=\"http:\/\/prolegislativo.com.br\/index.php\/inscricoes-abertas-para-o-ii-congresso-nacional-de-comunicacao-legislativa-para-camaras-municipais\/embed\/#?secret=vGIjYsi1P7\" data-secret=\"vGIjYsi1P7\" width=\"600\" height=\"338\" title=\"&#8220;Inscri\u00e7\u00f5es abertas para o II Congresso Nacional  de Comunica\u00e7\u00e3o Legislativa para C\u00e2maras Municipais&#8221; &#8212; Pro Legislativo\" frameborder=\"0\" marginwidth=\"0\" marginheight=\"0\" scrolling=\"no\"><\/iframe><\/p>\n","protected":false},"excerpt":{"rendered":"<p>Participa\u00e7\u00e3o do jornalista Milton Jung, idealizador da plataforma Adote um Vereador, no dia 28 de mar\u00e7o pr\u00f3ximo, em S\u00e3o Paulo Segundo os idealizadores, esse \u00e9 o \u00fanico congresso com foco na comunica\u00e7\u00e3o como principal ferramenta para liderar o debate de interesse p\u00fablico e instrumento de compet\u00eancia pol\u00edtica. S\u00e3o oferecidas inscri\u00e7\u00f5es gratuitas para os quatro primeiros interessados da comunica\u00e7\u00e3o da C\u00e2mara [&hellip;]<\/p>\n","protected":false},"author":27,"featured_media":0,"comment_status":"open","ping_status":"closed","sticky":false,"template":"","format":"standard","meta":{"footnotes":""},"categories":[2719],"tags":[11221,61,11220,847,1420,782,781,11222,696],"class_list":["post-8238","post","type-post","status-publish","format-standard","hentry","category-servidor","tag-atode-um-vereador","tag-camara","tag-congresso-nacional-de-comunicacao-legislativa","tag-debate","tag-ferramenta","tag-gratuitas","tag-inscricoes","tag-pro-legislativo","tag-senado"],"_links":{"self":[{"href":"https:\/\/blogs.correiobraziliense.com.br\/servidor\/wp-json\/wp\/v2\/posts\/8238","targetHints":{"allow":["GET"]}}],"collection":[{"href":"https:\/\/blogs.correiobraziliense.com.br\/servidor\/wp-json\/wp\/v2\/posts"}],"about":[{"href":"https:\/\/blogs.correiobraziliense.com.br\/servidor\/wp-json\/wp\/v2\/types\/post"}],"author":[{"embeddable":true,"href":"https:\/\/blogs.correiobraziliense.com.br\/servidor\/wp-json\/wp\/v2\/users\/27"}],"replies":[{"embeddable":true,"href":"https:\/\/blogs.correiobraziliense.com.br\/servidor\/wp-json\/wp\/v2\/comments?post=8238"}],"version-history":[{"count":1,"href":"https:\/\/blogs.correiobraziliense.com.br\/servidor\/wp-json\/wp\/v2\/posts\/8238\/revisions"}],"predecessor-version":[{"id":8239,"href":"https:\/\/blogs.correiobraziliense.com.br\/servidor\/wp-json\/wp\/v2\/posts\/8238\/revisions\/8239"}],"wp:attachment":[{"href":"https:\/\/blogs.correiobraziliense.com.br\/servidor\/wp-json\/wp\/v2\/media?parent=8238"}],"wp:term":[{"taxonomy":"category","embeddable":true,"href":"https:\/\/blogs.correiobraziliense.com.br\/servidor\/wp-json\/wp\/v2\/categories?post=8238"},{"taxonomy":"post_tag","embeddable":true,"href":"https:\/\/blogs.correiobraziliense.com.br\/servidor\/wp-json\/wp\/v2\/tags?post=8238"}],"curies":[{"name":"wp","href":"https:\/\/api.w.org\/{rel}","templated":true}]}}