{"id":8233,"date":"2018-02-17T18:56:18","date_gmt":"2018-02-17T20:56:18","guid":{"rendered":"https:\/\/blogs.correiobraziliense.com.br\/servidor\/?p=8233"},"modified":"2018-02-17T18:58:10","modified_gmt":"2018-02-17T20:58:10","slug":"publica-central-do-servidor-manifestacoes-contra-a-reforma-da-previdenciainforme","status":"publish","type":"post","link":"https:\/\/blogs.correiobraziliense.com.br\/servidor\/publica-central-do-servidor-manifestacoes-contra-a-reforma-da-previdenciainforme\/","title":{"rendered":"P\u00fablica Central do Servidor &#8211; Manifesta\u00e7\u00f5es contra a reforma da Previd\u00eancia"},"content":{"rendered":"<p><em>Atividades da Frente Nacional Contra a Reforma da Previd\u00eancia nos dias 19 e 20 de fevereiro em Bras\u00edlia<\/em><\/p>\n<p><em>Segunda-feira<\/em><br \/>\nManh\u00e3<br \/>\n7h30 &#8211; Manifesta\u00e7\u00e3o no Hall do Aeroporto na \u00e1rea de chegada dos parlamentares provenientes de seus Estados.<br \/>\nTarde<br \/>\nDirigentes das entidades de forma livre estar\u00e3o fazendo trabalho de abordagem parlamentar na C\u00e2mara dos Deputados conforme seu relacionamento setorial.<\/p>\n<p><em>Ter\u00e7a-feira<\/em><br \/>\nManh\u00e3<br \/>\n7h30 &#8211; Manifesta\u00e7\u00e3o no Acesso de Sa\u00edda das Resid\u00eancias dos Parlamentares &#8211; 302 Norte<br \/>\nTarde<br \/>\n14h &#8211; Frente Anexo 2 da C\u00e2mara dos Deputados<br \/>\nGrande manifesta\u00e7\u00e3o e ato de &#8220;Enterro&#8221; da Reforma da Previd\u00eancia &#8211; Apresenta\u00e7\u00e3o de Trio El\u00e9trico, acompanhado de sistema de som e painel de led, tendo como atra\u00e7\u00e3o a apresenta\u00e7\u00e3o ao vivo da Marchinha &#8220;N\u00e3o V\u00e1 Mexer na Nossa Previd\u00eancia &#8211; Que votar, n\u00e3o volta&#8221;.<\/p>\n","protected":false},"excerpt":{"rendered":"<p>Atividades da Frente Nacional Contra a Reforma da Previd\u00eancia nos dias 19 e 20 de fevereiro em Bras\u00edlia Segunda-feira Manh\u00e3 7h30 &#8211; Manifesta\u00e7\u00e3o no Hall do Aeroporto na \u00e1rea de chegada dos parlamentares provenientes de seus Estados. Tarde Dirigentes das entidades de forma livre estar\u00e3o fazendo trabalho de abordagem parlamentar na C\u00e2mara dos Deputados conforme seu relacionamento setorial. Ter\u00e7a-feira Manh\u00e3 [&hellip;]<\/p>\n","protected":false},"author":27,"featured_media":0,"comment_status":"open","ping_status":"closed","sticky":false,"template":"","format":"standard","meta":{"footnotes":""},"categories":[2719],"tags":[8600,675,463,867,1531,10279,11202,1151,268,11201,11203],"class_list":["post-8233","post","type-post","status-publish","format-standard","hentry","category-servidor","tag-abordagem","tag-aeroporto","tag-atividades","tag-brasilia","tag-camara-dos-deputados","tag-enterro","tag-frente-nacional-contra-a-reforma-da-previdencia","tag-manifestacao","tag-parlamentares","tag-publica-central-do-servidor","tag-residencias"],"_links":{"self":[{"href":"https:\/\/blogs.correiobraziliense.com.br\/servidor\/wp-json\/wp\/v2\/posts\/8233","targetHints":{"allow":["GET"]}}],"collection":[{"href":"https:\/\/blogs.correiobraziliense.com.br\/servidor\/wp-json\/wp\/v2\/posts"}],"about":[{"href":"https:\/\/blogs.correiobraziliense.com.br\/servidor\/wp-json\/wp\/v2\/types\/post"}],"author":[{"embeddable":true,"href":"https:\/\/blogs.correiobraziliense.com.br\/servidor\/wp-json\/wp\/v2\/users\/27"}],"replies":[{"embeddable":true,"href":"https:\/\/blogs.correiobraziliense.com.br\/servidor\/wp-json\/wp\/v2\/comments?post=8233"}],"version-history":[{"count":2,"href":"https:\/\/blogs.correiobraziliense.com.br\/servidor\/wp-json\/wp\/v2\/posts\/8233\/revisions"}],"predecessor-version":[{"id":8235,"href":"https:\/\/blogs.correiobraziliense.com.br\/servidor\/wp-json\/wp\/v2\/posts\/8233\/revisions\/8235"}],"wp:attachment":[{"href":"https:\/\/blogs.correiobraziliense.com.br\/servidor\/wp-json\/wp\/v2\/media?parent=8233"}],"wp:term":[{"taxonomy":"category","embeddable":true,"href":"https:\/\/blogs.correiobraziliense.com.br\/servidor\/wp-json\/wp\/v2\/categories?post=8233"},{"taxonomy":"post_tag","embeddable":true,"href":"https:\/\/blogs.correiobraziliense.com.br\/servidor\/wp-json\/wp\/v2\/tags?post=8233"}],"curies":[{"name":"wp","href":"https:\/\/api.w.org\/{rel}","templated":true}]}}