{"id":8229,"date":"2018-02-16T17:43:21","date_gmt":"2018-02-16T19:43:21","guid":{"rendered":"https:\/\/blogs.correiobraziliense.com.br\/servidor\/?p=8229"},"modified":"2018-02-16T17:43:21","modified_gmt":"2018-02-16T19:43:21","slug":"mais-de-90-das-autoridades-do-governo-federal-perdem-direito-ao-uso-de-carros-oficiais","status":"publish","type":"post","link":"https:\/\/blogs.correiobraziliense.com.br\/servidor\/mais-de-90-das-autoridades-do-governo-federal-perdem-direito-ao-uso-de-carros-oficiais\/","title":{"rendered":"Mais de 90% das autoridades do governo federal perdem direito ao uso de carros oficiais"},"content":{"rendered":"<p><em>Uso de ve\u00edculos de representa\u00e7\u00e3o ficar\u00e1 restrito a autoridades como presidente da Rep\u00fablica, vice-presidente e ministros de Estado, informa Minist\u00e9rio do Planejamento. A economia estimada com a redu\u00e7\u00e3o de carros oficiais por autoridades, combinada com a utiliza\u00e7\u00e3o do <a href=\"http:\/\/www.planejamento.gov.br\/taxigov\" target=\"_blank\"><strong>T\u00e1xiGov<\/strong><\/a> (iniciada em fevereiro de 2017), \u00e9 de aproximadamente R$ 101 milh\u00f5es\/ano.<br \/>\n<\/em><\/p>\n<p>Foi publicado nesta sexta-feira (16) o <strong><a href=\"http:\/\/www.planalto.gov.br\/ccivil_03\/_ato2015-2018\/2018\/decreto\/D9287.htm\" target=\"_blank\">Decreto n\u00ba 9287\/2018<\/a><\/strong>, sobre a utiliza\u00e7\u00e3o de ve\u00edculos oficiais no Executivo Federal. O novo modelo ir\u00e1 eliminar a prerrogativa de 1.052 autoridades utilizarem carros em deslocamentos a servi\u00e7o (ver quadros abaixo), destaca o Planejamento. &#8220;A medida comprova o empenho para garantir a efetiva gest\u00e3o da aloca\u00e7\u00e3o de recursos p\u00fablicos e o controle das contas p\u00fablicas para o ajuste fiscal. Al\u00e9m disso, sinaliza que o Estado brasileiro est\u00e1 comprometido em eliminar gastos que n\u00e3o se justificam mais&#8221;, aponta a nota.<\/p>\n<p>&nbsp;<\/p>\n<p><img decoding=\"async\" class=\"CToWUd a6T\" title=\"tabela carros.JPG\" src=\"https:\/\/mail.google.com\/mail\/u\/0\/?ui=2&amp;ik=161b52c0c4&amp;view=fimg&amp;th=161a000b015869d8&amp;attid=0.1&amp;disp=emb&amp;attbid=ANGjdJ8DiAk23ON1TYnT4q9NsVj9z_c4HDP90MtuUysGheYdQNGk0GyiOc8sKIBTfQndrm8XEE-2NxhSageBY3sHIHwAd_-088jQhLDAOOj60Z54EBYHMYZOudIs94Q&amp;sz=s0-l75-ft&amp;ats=1518809718553&amp;rm=161a000b015869d8&amp;zw&amp;atsh=1\" alt=\"\" \/><\/p>\n<div><\/div>\n<div>Com a publica\u00e7\u00e3o do Decreto, foi extinta a categoria de ve\u00edculos institucionais pela administra\u00e7\u00e3o p\u00fablica federal direta, aut\u00e1rquica e fundacional. O direito a ve\u00edculos dessa categoria existia desde 1977 (Decreto n\u00ba 79.399). A economia estimada com a redu\u00e7\u00e3o de carros oficiais por autoridades, combinada com a utiliza\u00e7\u00e3o do <a href=\"http:\/\/www.planejamento.gov.br\/taxigov\" target=\"_blank\"><strong>T\u00e1xiGov<\/strong><\/a> (que foi iniciada em fevereiro de 2017), \u00e9 de aproximadamente R$ 101 milh\u00f5es\/ano.<\/div>\n<div><\/div>\n<div>\u201cEssa \u00e9 uma medida de austeridade, em face do atual cen\u00e1rio que requer cortes de gastos p\u00fablicos. Resultar\u00e1 em uma mudan\u00e7a de cultura para induzir novos valores, a\u00e7\u00f5es e comportamentos no Executivo Federal\u201d, enfatizou o ministro do Planejamento, Desenvolvimento e Gest\u00e3o, Dyogo Oliveira.<\/div>\n<div><\/div>\n<div>Os carros que deixarem de ser utilizados poder\u00e3o ser destinados a atividades final\u00edsticas do pr\u00f3prio \u00f3rg\u00e3o, leiloados ou doados, dependendo das condi\u00e7\u00f5es apresentadas por cada um dos ve\u00edculos (e de acordo com a legisla\u00e7\u00e3o vigente).<\/div>\n<div><\/div>\n<div>Em Bras\u00edlia, onde o T\u00e1xiGov est\u00e1 em plena opera\u00e7\u00e3o, as autoridades utilizar\u00e3o esse sistema de transporte \u2013 assim como cerca de 25 mil servidores e colaboradores de 24 \u00f3rg\u00e3os cadastrados que j\u00e1 utilizam essa solu\u00e7\u00e3o de mobilidade. Nas demais Unidades da Federa\u00e7\u00e3o (UF), as autoridades far\u00e3o uso dos ve\u00edculos de servi\u00e7o (modelo b\u00e1sico) que j\u00e1 atendem aos \u00f3rg\u00e3os.<\/div>\n<div><\/div>\n<div>Segundo o secret\u00e1rio de Gest\u00e3o do MP, Gleisson Rubin, mais importante do que a economia or\u00e7ament\u00e1ria \u00e9 o simbolismo da medida: \u201cSinaliza que o Estado brasileiro est\u00e1 se adequando \u00e0 realidade atual, deixando para tr\u00e1s uma pr\u00e1tica de mais de 40 anos\u201d, ressaltou.<\/div>\n<div><\/div>\n<div>O Decreto n\u00ba 9287\/2018 entra em vigor no dia 15 de mar\u00e7o para que as institui\u00e7\u00f5es p\u00fablicas federais se adaptem ao novo modelo de transporte de autoridades.<\/div>\n","protected":false},"excerpt":{"rendered":"<p>Uso de ve\u00edculos de representa\u00e7\u00e3o ficar\u00e1 restrito a autoridades como presidente da Rep\u00fablica, vice-presidente e ministros de Estado, informa Minist\u00e9rio do Planejamento. A economia estimada com a redu\u00e7\u00e3o de carros oficiais por autoridades, combinada com a utiliza\u00e7\u00e3o do T\u00e1xiGov (iniciada em fevereiro de 2017), \u00e9 de aproximadamente R$ 101 milh\u00f5es\/ano. Foi publicado nesta sexta-feira (16) o Decreto n\u00ba 9287\/2018, sobre [&hellip;]<\/p>\n","protected":false},"author":27,"featured_media":0,"comment_status":"open","ping_status":"closed","sticky":false,"template":"","format":"standard","meta":{"footnotes":""},"categories":[2719],"tags":[203,9703,1935,11191,11194,2278,207,1928,11193,7110,11190,88,1169,1522,141,11192,565,91,3999,5136,81,5166,316,325,212,7821,1808,838],"class_list":["post-8229","post","type-post","status-publish","format-standard","hentry","category-servidor","tag-acoes","tag-ajuste-fiscal","tag-autoridades","tag-carros-oficiais","tag-comportamentos","tag-contas","tag-controle","tag-cultura","tag-decreto-9-2872018","tag-deslocamentos","tag-direio","tag-economia","tag-gastos","tag-governo-federal","tag-ministerio-do-planejamento","tag-ministros-de-estado","tag-modelo","tag-mudanca","tag-perdem","tag-prerrogativa","tag-presidente","tag-presidente-da-republica","tag-recursos","tag-reducao","tag-servico","tag-taxigov","tag-valores","tag-veiculos"],"_links":{"self":[{"href":"https:\/\/blogs.correiobraziliense.com.br\/servidor\/wp-json\/wp\/v2\/posts\/8229","targetHints":{"allow":["GET"]}}],"collection":[{"href":"https:\/\/blogs.correiobraziliense.com.br\/servidor\/wp-json\/wp\/v2\/posts"}],"about":[{"href":"https:\/\/blogs.correiobraziliense.com.br\/servidor\/wp-json\/wp\/v2\/types\/post"}],"author":[{"embeddable":true,"href":"https:\/\/blogs.correiobraziliense.com.br\/servidor\/wp-json\/wp\/v2\/users\/27"}],"replies":[{"embeddable":true,"href":"https:\/\/blogs.correiobraziliense.com.br\/servidor\/wp-json\/wp\/v2\/comments?post=8229"}],"version-history":[{"count":1,"href":"https:\/\/blogs.correiobraziliense.com.br\/servidor\/wp-json\/wp\/v2\/posts\/8229\/revisions"}],"predecessor-version":[{"id":8230,"href":"https:\/\/blogs.correiobraziliense.com.br\/servidor\/wp-json\/wp\/v2\/posts\/8229\/revisions\/8230"}],"wp:attachment":[{"href":"https:\/\/blogs.correiobraziliense.com.br\/servidor\/wp-json\/wp\/v2\/media?parent=8229"}],"wp:term":[{"taxonomy":"category","embeddable":true,"href":"https:\/\/blogs.correiobraziliense.com.br\/servidor\/wp-json\/wp\/v2\/categories?post=8229"},{"taxonomy":"post_tag","embeddable":true,"href":"https:\/\/blogs.correiobraziliense.com.br\/servidor\/wp-json\/wp\/v2\/tags?post=8229"}],"curies":[{"name":"wp","href":"https:\/\/api.w.org\/{rel}","templated":true}]}}